{"id":1014,"date":"2012-02-05T22:12:52","date_gmt":"2012-02-05T21:12:52","guid":{"rendered":"http:\/\/filosofium.wordpress.com\/?p=1014"},"modified":"2012-02-05T22:12:52","modified_gmt":"2012-02-05T21:12:52","slug":"dementia-poetry-die-idee-ii","status":"publish","type":"post","link":"https:\/\/filosofium.evelyne-weissenbach.at\/?p=1014","title":{"rendered":"Dementia Poetry &#8211; Die Idee II."},"content":{"rendered":"<p>&nbsp;<\/p>\n<p><font size=\"3\"><strong>Memory in miniatures<\/strong><\/p>\n<p>Bei der geistigen Vorbereitung einer Lesung bin ich auf eine weitere Facette gesto\u00dfen. Es gibt in diesem H\u00f6rerkreis Menschen in unterschiedlichen Stadien der Demenz.<br \/>\n Man darf also nicht alle auf das fortgeschrittenste Stadium reduzieren. Es muss auch f\u00fcr die anderen etwas angeboten werden.<br \/>\n Die weiter fortgeschrittenen Personen werden dabei einerseits einfach als Anwesende integriert. K\u00f6nnen aber vielleicht sogar ebenfalls noch mit dem Vortrag, oder einzelnen Erinnerungsworten angesprochen werden.<\/p>\n<p> Deshalb werde ich meine Dementia-Poetry-Serie um eine Sparte erweitern:<br \/>\n Die Memory-Miniaturen = MemMinis.<\/p>\n<p> Es handelt sich dabei um kurze einfache Prosatexte, die sich mit Erinnerungen aus l\u00e4ngerfristig zur\u00fcckliegenden Situationen besch\u00e4ftigen.<br \/>\n Um den Bogen besser vom Vortragenden zum H\u00f6rer schaffen zu k\u00f6nnen, w\u00e4hle ich als perspektivischen Eingangssatz:<br \/>\n &#8222;Als ich ein Kind war &#8230;&#8220;<br \/>\n<\/font><\/p>\n<p>&nbsp;<\/p>\n","protected":false},"excerpt":{"rendered":"<p>&nbsp; Memory in miniatures Bei der geistigen Vorbereitung einer Lesung bin ich auf eine weitere Facette gesto\u00dfen. Es gibt in diesem H\u00f6rerkreis Menschen in unterschiedlichen Stadien der Demenz. Man darf also nicht alle auf das fortgeschrittenste Stadium reduzieren. Es muss auch f\u00fcr die anderen etwas angeboten werden. Die weiter fortgeschrittenen Personen werden dabei einerseits einfach [&hellip;]<\/p>\n","protected":false},"author":2,"featured_media":0,"comment_status":"open","ping_status":"open","sticky":false,"template":"","format":"standard","meta":{"jetpack_post_was_ever_published":false,"_jetpack_newsletter_access":"","_jetpack_dont_email_post_to_subs":false,"_jetpack_newsletter_tier_id":0,"_jetpack_memberships_contains_paywalled_content":false,"_jetpack_memberships_contains_paid_content":false,"footnotes":"","jetpack_publicize_message":"","jetpack_publicize_feature_enabled":true,"jetpack_social_post_already_shared":false,"jetpack_social_options":{"image_generator_settings":{"template":"highway","default_image_id":0,"font":"","enabled":false},"version":2}},"categories":[33,5],"tags":[46,48,49,65,74,77,94,118,120,131,168,182,185,199,202],"class_list":["post-1014","post","type-post","status-publish","format-standard","hentry","category-allgemeines","category-dementia-poetry-2","tag-alter","tag-altsein","tag-alzheimer","tag-bewusstsein","tag-dementia","tag-demenz","tag-geriatrie","tag-kurzprosa","tag-lebenshilfe","tag-literatur","tag-prosalyrik","tag-selbsthilfe","tag-senioren","tag-umnachtung","tag-vergesslichkeit"],"jetpack_publicize_connections":[],"jetpack_featured_media_url":"","jetpack_shortlink":"https:\/\/wp.me\/p3ZwSb-gm","jetpack_sharing_enabled":true,"jetpack_likes_enabled":true,"_links":{"self":[{"href":"https:\/\/filosofium.evelyne-weissenbach.at\/index.php?rest_route=\/wp\/v2\/posts\/1014","targetHints":{"allow":["GET"]}}],"collection":[{"href":"https:\/\/filosofium.evelyne-weissenbach.at\/index.php?rest_route=\/wp\/v2\/posts"}],"about":[{"href":"https:\/\/filosofium.evelyne-weissenbach.at\/index.php?rest_route=\/wp\/v2\/types\/post"}],"author":[{"embeddable":true,"href":"https:\/\/filosofium.evelyne-weissenbach.at\/index.php?rest_route=\/wp\/v2\/users\/2"}],"replies":[{"embeddable":true,"href":"https:\/\/filosofium.evelyne-weissenbach.at\/index.php?rest_route=%2Fwp%2Fv2%2Fcomments&post=1014"}],"version-history":[{"count":0,"href":"https:\/\/filosofium.evelyne-weissenbach.at\/index.php?rest_route=\/wp\/v2\/posts\/1014\/revisions"}],"wp:attachment":[{"href":"https:\/\/filosofium.evelyne-weissenbach.at\/index.php?rest_route=%2Fwp%2Fv2%2Fmedia&parent=1014"}],"wp:term":[{"taxonomy":"category","embeddable":true,"href":"https:\/\/filosofium.evelyne-weissenbach.at\/index.php?rest_route=%2Fwp%2Fv2%2Fcategories&post=1014"},{"taxonomy":"post_tag","embeddable":true,"href":"https:\/\/filosofium.evelyne-weissenbach.at\/index.php?rest_route=%2Fwp%2Fv2%2Ftags&post=1014"}],"curies":[{"name":"wp","href":"https:\/\/api.w.org\/{rel}","templated":true}]}}