{"id":1019,"date":"2012-02-07T19:59:15","date_gmt":"2012-02-07T18:59:15","guid":{"rendered":"http:\/\/filosofium.wordpress.com\/?p=1019"},"modified":"2012-02-07T19:59:15","modified_gmt":"2012-02-07T18:59:15","slug":"writers-life-in-miniatures-iii","status":"publish","type":"post","link":"https:\/\/filosofium.evelyne-weissenbach.at\/?p=1019","title":{"rendered":"Writer&#8217;s Life in miniatures III."},"content":{"rendered":"<p>&nbsp;<\/p>\n<p><font size=\"3\"><strong> In der Schublade <\/strong><\/p>\n<p>Ich bin nicht so gut. Wie ich gern w\u00e4re. Damit komme ich gut zurecht.<br \/>\nDoch manchmal raubt es mir den Atem. In der Schublade. In die ich gern gesteckt werde. Tummeln sich oft seltsam anmutende Gestalten. Sind nicht einmal so gut wie ich. Doch haben Attit\u00fcden. H\u00e4ngen den Profi in den Wind. Der von den Bergen bl\u00e4st. Den sie nicht kennen.<br \/>\nViel Geld wurde bezahlt. F\u00fcr Keine-Qualit\u00e4t. F\u00fcr eine Illusion. F\u00fcr ein Spiegelbild. Das ein Foto zeigt. Von der Wand der eigenen Galerie.<\/p>\n<p>Dann mache ich ein saures B\u00e4uerchen. Und schon wird wieder Luft. Im Karton. Weil sich der Deckel hebt.<br \/>\nWenigstens bin ich Profi. Es gibt kein Irgendwie. Kein Unter-allen-Umst\u00e4nden. Kein teures Pflaster f\u00fcr das Ego.<br \/>\nBesser werde ich dadurch nicht. Nicht so gut. Wie ich gern w\u00e4re. Doch damit komme ich gut zurecht.<br \/>\n<\/font><\/p>\n<p>&nbsp;<\/p>\n","protected":false},"excerpt":{"rendered":"<p>&nbsp; In der Schublade Ich bin nicht so gut. Wie ich gern w\u00e4re. Damit komme ich gut zurecht. Doch manchmal raubt es mir den Atem. In der Schublade. In die ich gern gesteckt werde. Tummeln sich oft seltsam anmutende Gestalten. Sind nicht einmal so gut wie ich. Doch haben Attit\u00fcden. H\u00e4ngen den Profi in den [&hellip;]<\/p>\n","protected":false},"author":2,"featured_media":0,"comment_status":"open","ping_status":"open","sticky":false,"template":"","format":"standard","meta":{"jetpack_post_was_ever_published":false,"_jetpack_newsletter_access":"","_jetpack_dont_email_post_to_subs":false,"_jetpack_newsletter_tier_id":0,"_jetpack_memberships_contains_paywalled_content":false,"_jetpack_memberships_contains_paid_content":false,"footnotes":"","jetpack_publicize_message":"","jetpack_publicize_feature_enabled":true,"jetpack_social_post_already_shared":false,"jetpack_social_options":{"image_generator_settings":{"template":"highway","default_image_id":0,"font":"","enabled":false},"version":2}},"categories":[243],"tags":[56,62,64,65,84,96,112,131,161,174,178,181,183,203],"class_list":["post-1019","post","type-post","status-publish","format-standard","hentry","category-writers-life-diary","tag-autor","tag-belletristik","tag-bewusstmachung","tag-bewusstsein","tag-essay","tag-glosse","tag-kolumne","tag-literatur","tag-philosophie","tag-romane","tag-schriftsteller","tag-selbsterkenntnis","tag-selbstironie","tag-verlag"],"jetpack_publicize_connections":[],"jetpack_featured_media_url":"","jetpack_shortlink":"https:\/\/wp.me\/p3ZwSb-gr","jetpack_sharing_enabled":true,"jetpack_likes_enabled":true,"_links":{"self":[{"href":"https:\/\/filosofium.evelyne-weissenbach.at\/index.php?rest_route=\/wp\/v2\/posts\/1019","targetHints":{"allow":["GET"]}}],"collection":[{"href":"https:\/\/filosofium.evelyne-weissenbach.at\/index.php?rest_route=\/wp\/v2\/posts"}],"about":[{"href":"https:\/\/filosofium.evelyne-weissenbach.at\/index.php?rest_route=\/wp\/v2\/types\/post"}],"author":[{"embeddable":true,"href":"https:\/\/filosofium.evelyne-weissenbach.at\/index.php?rest_route=\/wp\/v2\/users\/2"}],"replies":[{"embeddable":true,"href":"https:\/\/filosofium.evelyne-weissenbach.at\/index.php?rest_route=%2Fwp%2Fv2%2Fcomments&post=1019"}],"version-history":[{"count":0,"href":"https:\/\/filosofium.evelyne-weissenbach.at\/index.php?rest_route=\/wp\/v2\/posts\/1019\/revisions"}],"wp:attachment":[{"href":"https:\/\/filosofium.evelyne-weissenbach.at\/index.php?rest_route=%2Fwp%2Fv2%2Fmedia&parent=1019"}],"wp:term":[{"taxonomy":"category","embeddable":true,"href":"https:\/\/filosofium.evelyne-weissenbach.at\/index.php?rest_route=%2Fwp%2Fv2%2Fcategories&post=1019"},{"taxonomy":"post_tag","embeddable":true,"href":"https:\/\/filosofium.evelyne-weissenbach.at\/index.php?rest_route=%2Fwp%2Fv2%2Ftags&post=1019"}],"curies":[{"name":"wp","href":"https:\/\/api.w.org\/{rel}","templated":true}]}}