{"id":1079,"date":"2012-02-22T01:30:25","date_gmt":"2012-02-22T00:30:25","guid":{"rendered":"http:\/\/filosofium.wordpress.com\/?p=1079"},"modified":"2012-02-22T01:30:25","modified_gmt":"2012-02-22T00:30:25","slug":"aschermittwoch","status":"publish","type":"post","link":"https:\/\/filosofium.evelyne-weissenbach.at\/?p=1079","title":{"rendered":"aschermittwoch"},"content":{"rendered":"<p>&nbsp;<br \/>\n<font size=\"3\">eine n\u00e4rrin war ich<br \/>\nund dachte doch<br \/>\nich w\u00e4re colombine<br \/>\nmit rotfunkelndem kussesmund<br \/>\nund bommeln an den r\u00f6cken<br \/>\nwippend im takt<br \/>\nmeiner zu dir h\u00fcpfenden schritte<\/p>\n<p>die tr\u00e4nen sind nicht mehr gemalt<br \/>\nam auge meines herzens<br \/>\ndie r\u00f6cke schwer wie blei<br \/>\ndie f\u00fc\u00dfe kalt<br \/>\nerfroren fast<br \/>\nbeim tanze auf dem eis<br \/>\ndeines grausamen spiels<\/p>\n<p>der fasching ist vor\u00fcber<br \/>\ndie demaskierung<\/p>\n<p>die n\u00e4rrin bleibt<br \/>\n<\/font><\/p>\n<p><em>\u00a9 evelyne w.<\/em><\/p>\n<p><a href=\"http:\/\/lyriclove.podspot.de\/files\/aschermittwoch%20%281%29.mp3\" title=\"aschermittwoch - audio\" target=\"_blank\" rel=\"noopener\"><img decoding=\"async\" src=\"http:\/\/i274.photobucket.com\/albums\/jj272\/lin_tschi\/div\/wp\/hoerbutton.gif\" alt=\"aschermittwoch - audio\" title=\"aschermittwoch - audio\" \/><\/a><\/p>\n<p>&nbsp;<\/p>\n","protected":false},"excerpt":{"rendered":"<p>&nbsp; eine n\u00e4rrin war ich und dachte doch ich w\u00e4re colombine mit rotfunkelndem kussesmund und bommeln an den r\u00f6cken wippend im takt meiner zu dir h\u00fcpfenden schritte die tr\u00e4nen sind nicht mehr gemalt am auge meines herzens die r\u00f6cke schwer wie blei die f\u00fc\u00dfe kalt erfroren fast beim tanze auf dem eis deines grausamen spiels [&hellip;]<\/p>\n","protected":false},"author":2,"featured_media":0,"comment_status":"open","ping_status":"open","sticky":false,"template":"","format":"standard","meta":{"jetpack_post_was_ever_published":false,"_jetpack_newsletter_access":"","_jetpack_dont_email_post_to_subs":false,"_jetpack_newsletter_tier_id":0,"_jetpack_memberships_contains_paywalled_content":false,"_jetpack_memberships_contains_paid_content":false,"footnotes":"","jetpack_publicize_message":"","jetpack_publicize_feature_enabled":true,"jetpack_social_post_already_shared":false,"jetpack_social_options":{"image_generator_settings":{"template":"highway","default_image_id":0,"font":"","enabled":false},"version":2}},"categories":[15,9],"tags":[52,85,91,108,126,128,129,131,180,206],"class_list":["post-1079","post","type-post","status-publish","format-standard","hentry","category-liebesgedichte-gedichte","category-gedichte-2","tag-aschermittwoch","tag-fasching","tag-gedichte","tag-karneval","tag-liebe","tag-liebesgedichte","tag-liebeslyrik","tag-literatur","tag-sehnsucht","tag-verse"],"jetpack_publicize_connections":[],"jetpack_featured_media_url":"","jetpack_shortlink":"https:\/\/wp.me\/p3ZwSb-hp","jetpack_sharing_enabled":true,"jetpack_likes_enabled":true,"_links":{"self":[{"href":"https:\/\/filosofium.evelyne-weissenbach.at\/index.php?rest_route=\/wp\/v2\/posts\/1079","targetHints":{"allow":["GET"]}}],"collection":[{"href":"https:\/\/filosofium.evelyne-weissenbach.at\/index.php?rest_route=\/wp\/v2\/posts"}],"about":[{"href":"https:\/\/filosofium.evelyne-weissenbach.at\/index.php?rest_route=\/wp\/v2\/types\/post"}],"author":[{"embeddable":true,"href":"https:\/\/filosofium.evelyne-weissenbach.at\/index.php?rest_route=\/wp\/v2\/users\/2"}],"replies":[{"embeddable":true,"href":"https:\/\/filosofium.evelyne-weissenbach.at\/index.php?rest_route=%2Fwp%2Fv2%2Fcomments&post=1079"}],"version-history":[{"count":0,"href":"https:\/\/filosofium.evelyne-weissenbach.at\/index.php?rest_route=\/wp\/v2\/posts\/1079\/revisions"}],"wp:attachment":[{"href":"https:\/\/filosofium.evelyne-weissenbach.at\/index.php?rest_route=%2Fwp%2Fv2%2Fmedia&parent=1079"}],"wp:term":[{"taxonomy":"category","embeddable":true,"href":"https:\/\/filosofium.evelyne-weissenbach.at\/index.php?rest_route=%2Fwp%2Fv2%2Fcategories&post=1079"},{"taxonomy":"post_tag","embeddable":true,"href":"https:\/\/filosofium.evelyne-weissenbach.at\/index.php?rest_route=%2Fwp%2Fv2%2Ftags&post=1079"}],"curies":[{"name":"wp","href":"https:\/\/api.w.org\/{rel}","templated":true}]}}