{"id":1160,"date":"2012-03-13T13:52:33","date_gmt":"2012-03-13T12:52:33","guid":{"rendered":"http:\/\/filosofium.wordpress.com\/?p=1160"},"modified":"2012-03-13T13:52:33","modified_gmt":"2012-03-13T12:52:33","slug":"zyklus-griselinas-dementia-07","status":"publish","type":"post","link":"https:\/\/filosofium.evelyne-weissenbach.at\/?p=1160","title":{"rendered":"zyklus griselinas &#8211; dementia 07"},"content":{"rendered":"<p>&nbsp;<br \/>\nnoch immer schreibblockade!<br \/>\ndas m\u00fcssen die pinsel b\u00fc\u00dfen &#8230; <\/p>\n<p><img loading=\"lazy\" decoding=\"async\" src=\"http:\/\/i274.photobucket.com\/albums\/jj272\/lin_tschi\/paintery\/50griselina7.jpg\" border=\"0\" height=\"575\" width=\"434\" title=\"griselina 07\" alt=\"griselina 07\"><\/p>\n<p>&#8222;in der umarmung des vergessens III&#8220;<br \/>\nacryl auf keilrahmen<br \/>\n30 x 40<\/p>\n<p>&nbsp;<\/p>\n","protected":false},"excerpt":{"rendered":"<p>&nbsp; noch immer schreibblockade! das m\u00fcssen die pinsel b\u00fc\u00dfen &#8230; &#8222;in der umarmung des vergessens III&#8220; acryl auf keilrahmen 30 x 40 &nbsp;<\/p>\n","protected":false},"author":2,"featured_media":0,"comment_status":"open","ping_status":"open","sticky":false,"template":"","format":"standard","meta":{"jetpack_post_was_ever_published":false,"_jetpack_newsletter_access":"","_jetpack_dont_email_post_to_subs":false,"_jetpack_newsletter_tier_id":0,"_jetpack_memberships_contains_paywalled_content":false,"_jetpack_memberships_contains_paid_content":false,"footnotes":"","jetpack_publicize_message":"","jetpack_publicize_feature_enabled":true,"jetpack_social_post_already_shared":false,"jetpack_social_options":{"image_generator_settings":{"template":"highway","default_image_id":0,"font":"","enabled":false},"version":2}},"categories":[18],"tags":[37,38,49,65,73,77,120,160,166,181,182,192,202],"class_list":["post-1160","post","type-post","status-publish","format-standard","hentry","category-paintery","tag-abstrakt","tag-acrylmalerei","tag-alzheimer","tag-bewusstsein","tag-defizite","tag-demenz","tag-lebenshilfe","tag-painting","tag-portrait","tag-selbsterkenntnis","tag-selbsthilfe","tag-surreal","tag-vergesslichkeit"],"jetpack_publicize_connections":[],"jetpack_featured_media_url":"","jetpack_shortlink":"https:\/\/wp.me\/p3ZwSb-iI","jetpack_sharing_enabled":true,"jetpack_likes_enabled":true,"_links":{"self":[{"href":"https:\/\/filosofium.evelyne-weissenbach.at\/index.php?rest_route=\/wp\/v2\/posts\/1160","targetHints":{"allow":["GET"]}}],"collection":[{"href":"https:\/\/filosofium.evelyne-weissenbach.at\/index.php?rest_route=\/wp\/v2\/posts"}],"about":[{"href":"https:\/\/filosofium.evelyne-weissenbach.at\/index.php?rest_route=\/wp\/v2\/types\/post"}],"author":[{"embeddable":true,"href":"https:\/\/filosofium.evelyne-weissenbach.at\/index.php?rest_route=\/wp\/v2\/users\/2"}],"replies":[{"embeddable":true,"href":"https:\/\/filosofium.evelyne-weissenbach.at\/index.php?rest_route=%2Fwp%2Fv2%2Fcomments&post=1160"}],"version-history":[{"count":0,"href":"https:\/\/filosofium.evelyne-weissenbach.at\/index.php?rest_route=\/wp\/v2\/posts\/1160\/revisions"}],"wp:attachment":[{"href":"https:\/\/filosofium.evelyne-weissenbach.at\/index.php?rest_route=%2Fwp%2Fv2%2Fmedia&parent=1160"}],"wp:term":[{"taxonomy":"category","embeddable":true,"href":"https:\/\/filosofium.evelyne-weissenbach.at\/index.php?rest_route=%2Fwp%2Fv2%2Fcategories&post=1160"},{"taxonomy":"post_tag","embeddable":true,"href":"https:\/\/filosofium.evelyne-weissenbach.at\/index.php?rest_route=%2Fwp%2Fv2%2Ftags&post=1160"}],"curies":[{"name":"wp","href":"https:\/\/api.w.org\/{rel}","templated":true}]}}