{"id":1246,"date":"2012-05-22T21:15:39","date_gmt":"2012-05-22T19:15:39","guid":{"rendered":"http:\/\/filosofium.wordpress.com\/?p=1246"},"modified":"2012-05-22T21:15:39","modified_gmt":"2012-05-22T19:15:39","slug":"im-weintau","status":"publish","type":"post","link":"https:\/\/filosofium.evelyne-weissenbach.at\/?p=1246","title":{"rendered":"im  weintau"},"content":{"rendered":"<p>&nbsp;<\/p>\n<p style=\"width:480px;text-align:justify;\"><font size=\"3\"> dann ist hier dieser tag. der aus der nacht steigt wie venus nach dem bade. rosige wangen in den horizont legt. und gr\u00fcnwallend sein haar im winde flattern l\u00e4sst. der blick den langsam er erhebt ergl\u00e4nzt am wimpernkranz des sees. vor seiner scham kein feigen-blatt. es ist der wein in diesem paradies. der seine nacktheit ziert. <\/font><\/p>\n<p>\u00a9 evelyne w.<\/p>\n<p><a href=\"http:\/\/youtu.be\/5rtGmCYiIr8\" title=\"im weintau - video\" target=\"_blank\" rel=\"noopener\"><img decoding=\"async\" src=\"http:\/\/i274.photobucket.com\/albums\/jj272\/lin_tschi\/videos\/youtube480.jpg\" alt=\"im weintau - video \" title=\"im weintau - video \" \/><\/a><\/p>\n<p>&nbsp;<\/p>\n","protected":false},"excerpt":{"rendered":"<p>&nbsp; dann ist hier dieser tag. der aus der nacht steigt wie venus nach dem bade. rosige wangen in den horizont legt. und gr\u00fcnwallend sein haar im winde flattern l\u00e4sst. der blick den langsam er erhebt ergl\u00e4nzt am wimpernkranz des sees. vor seiner scham kein feigen-blatt. es ist der wein in diesem paradies. der seine [&hellip;]<\/p>\n","protected":false},"author":1,"featured_media":0,"comment_status":"open","ping_status":"open","sticky":false,"template":"","format":"standard","meta":{"jetpack_post_was_ever_published":false,"_jetpack_newsletter_access":"","_jetpack_dont_email_post_to_subs":false,"_jetpack_newsletter_tier_id":0,"_jetpack_memberships_contains_paywalled_content":false,"_jetpack_memberships_contains_paid_content":false,"footnotes":"","jetpack_publicize_message":"","jetpack_publicize_feature_enabled":true,"jetpack_social_post_already_shared":false,"jetpack_social_options":{"image_generator_settings":{"template":"highway","default_image_id":0,"font":"","enabled":false},"version":2}},"categories":[244,22,9,29],"tags":[70,91,131,133,152,168],"class_list":["post-1246","post","type-post","status-publish","format-standard","hentry","category-neue-heimatgedichte","category-prosalyrik-gedichte","category-gedichte-2","category-videos","tag-burgenland","tag-gedichte","tag-literatur","tag-lyrik","tag-neusiedlersee","tag-prosalyrik"],"jetpack_publicize_connections":[],"jetpack_featured_media_url":"","jetpack_shortlink":"https:\/\/wp.me\/p3ZwSb-k6","jetpack_sharing_enabled":true,"jetpack_likes_enabled":true,"_links":{"self":[{"href":"https:\/\/filosofium.evelyne-weissenbach.at\/index.php?rest_route=\/wp\/v2\/posts\/1246","targetHints":{"allow":["GET"]}}],"collection":[{"href":"https:\/\/filosofium.evelyne-weissenbach.at\/index.php?rest_route=\/wp\/v2\/posts"}],"about":[{"href":"https:\/\/filosofium.evelyne-weissenbach.at\/index.php?rest_route=\/wp\/v2\/types\/post"}],"author":[{"embeddable":true,"href":"https:\/\/filosofium.evelyne-weissenbach.at\/index.php?rest_route=\/wp\/v2\/users\/1"}],"replies":[{"embeddable":true,"href":"https:\/\/filosofium.evelyne-weissenbach.at\/index.php?rest_route=%2Fwp%2Fv2%2Fcomments&post=1246"}],"version-history":[{"count":0,"href":"https:\/\/filosofium.evelyne-weissenbach.at\/index.php?rest_route=\/wp\/v2\/posts\/1246\/revisions"}],"wp:attachment":[{"href":"https:\/\/filosofium.evelyne-weissenbach.at\/index.php?rest_route=%2Fwp%2Fv2%2Fmedia&parent=1246"}],"wp:term":[{"taxonomy":"category","embeddable":true,"href":"https:\/\/filosofium.evelyne-weissenbach.at\/index.php?rest_route=%2Fwp%2Fv2%2Fcategories&post=1246"},{"taxonomy":"post_tag","embeddable":true,"href":"https:\/\/filosofium.evelyne-weissenbach.at\/index.php?rest_route=%2Fwp%2Fv2%2Ftags&post=1246"}],"curies":[{"name":"wp","href":"https:\/\/api.w.org\/{rel}","templated":true}]}}