{"id":1303,"date":"2012-05-31T15:20:10","date_gmt":"2012-05-31T13:20:10","guid":{"rendered":"http:\/\/filosofium.wordpress.com\/?p=1303"},"modified":"2012-05-31T15:20:10","modified_gmt":"2012-05-31T13:20:10","slug":"nach-dem-regen","status":"publish","type":"post","link":"https:\/\/filosofium.evelyne-weissenbach.at\/?p=1303","title":{"rendered":"nach dem regen"},"content":{"rendered":"<p>&nbsp;<\/p>\n<p style=\"width:400px;text-align:justify;\"><font size=\"3\"> ein wildes treiben zwischen den zeilen glanztriefenden weines. der salbei dr\u00e4ngt sich mit violettem strahl an der kamille zarten leib. die malve schmiedet ihre r\u00e4nke \u00fcber das taumeln des wei\u00dfen klees. es wogt der busen aufgeschossener jugend unter dem schw\u00fclen fordern ungest\u00fcmer luft. ben\u00e4sst und trunken bettet die dunkle flur sich unter das feuchte spiel.<\/font><\/p>\n<p>\u00a9 evelyne w.<\/p>\n<p><a href=\"http:\/\/lyriclove.podspot.de\/files\/nachregen.mp3\" title=\"nach dem regen  - audio\" target=\"_blank\" rel=\"noopener\"><img decoding=\"async\" src=\"http:\/\/i274.photobucket.com\/albums\/jj272\/lin_tschi\/div\/wp\/hoerbutton.gif\" alt=\"nach dem regen - audio\" title=\"nach dem regen  - audio\"><\/a><\/p>\n<p>&nbsp;<\/p>\n","protected":false},"excerpt":{"rendered":"<p>&nbsp; ein wildes treiben zwischen den zeilen glanztriefenden weines. der salbei dr\u00e4ngt sich mit violettem strahl an der kamille zarten leib. die malve schmiedet ihre r\u00e4nke \u00fcber das taumeln des wei\u00dfen klees. es wogt der busen aufgeschossener jugend unter dem schw\u00fclen fordern ungest\u00fcmer luft. ben\u00e4sst und trunken bettet die dunkle flur sich unter das feuchte [&hellip;]<\/p>\n","protected":false},"author":1,"featured_media":0,"comment_status":"open","ping_status":"open","sticky":false,"template":"","format":"standard","meta":{"jetpack_post_was_ever_published":false,"_jetpack_newsletter_access":"","_jetpack_dont_email_post_to_subs":false,"_jetpack_newsletter_tier_id":0,"_jetpack_memberships_contains_paywalled_content":false,"_jetpack_memberships_contains_paid_content":false,"footnotes":"","jetpack_publicize_message":"","jetpack_publicize_feature_enabled":true,"jetpack_social_post_already_shared":false,"jetpack_social_options":{"image_generator_settings":{"template":"highway","default_image_id":0,"font":"","enabled":false},"version":2}},"categories":[244,22,9,11],"tags":[70,308,91,131,133,152,168],"class_list":["post-1303","post","type-post","status-publish","format-standard","hentry","category-neue-heimatgedichte","category-prosalyrik-gedichte","category-gedichte-2","category-hortexte","tag-burgenland","tag-eros-im-weinberg","tag-gedichte","tag-literatur","tag-lyrik","tag-neusiedlersee","tag-prosalyrik"],"jetpack_publicize_connections":[],"jetpack_featured_media_url":"","jetpack_shortlink":"https:\/\/wp.me\/p3ZwSb-l1","jetpack_sharing_enabled":true,"jetpack_likes_enabled":true,"_links":{"self":[{"href":"https:\/\/filosofium.evelyne-weissenbach.at\/index.php?rest_route=\/wp\/v2\/posts\/1303","targetHints":{"allow":["GET"]}}],"collection":[{"href":"https:\/\/filosofium.evelyne-weissenbach.at\/index.php?rest_route=\/wp\/v2\/posts"}],"about":[{"href":"https:\/\/filosofium.evelyne-weissenbach.at\/index.php?rest_route=\/wp\/v2\/types\/post"}],"author":[{"embeddable":true,"href":"https:\/\/filosofium.evelyne-weissenbach.at\/index.php?rest_route=\/wp\/v2\/users\/1"}],"replies":[{"embeddable":true,"href":"https:\/\/filosofium.evelyne-weissenbach.at\/index.php?rest_route=%2Fwp%2Fv2%2Fcomments&post=1303"}],"version-history":[{"count":0,"href":"https:\/\/filosofium.evelyne-weissenbach.at\/index.php?rest_route=\/wp\/v2\/posts\/1303\/revisions"}],"wp:attachment":[{"href":"https:\/\/filosofium.evelyne-weissenbach.at\/index.php?rest_route=%2Fwp%2Fv2%2Fmedia&parent=1303"}],"wp:term":[{"taxonomy":"category","embeddable":true,"href":"https:\/\/filosofium.evelyne-weissenbach.at\/index.php?rest_route=%2Fwp%2Fv2%2Fcategories&post=1303"},{"taxonomy":"post_tag","embeddable":true,"href":"https:\/\/filosofium.evelyne-weissenbach.at\/index.php?rest_route=%2Fwp%2Fv2%2Ftags&post=1303"}],"curies":[{"name":"wp","href":"https:\/\/api.w.org\/{rel}","templated":true}]}}