{"id":1377,"date":"2012-06-08T11:35:55","date_gmt":"2012-06-08T09:35:55","guid":{"rendered":"http:\/\/filosofium.wordpress.com\/?p=1377"},"modified":"2012-06-08T11:35:55","modified_gmt":"2012-06-08T09:35:55","slug":"mittag","status":"publish","type":"post","link":"https:\/\/filosofium.evelyne-weissenbach.at\/?p=1377","title":{"rendered":"mittag"},"content":{"rendered":"<p>&nbsp;<\/p>\n<p style=\"width:360px;text-align:justify;\"><font size=\"3\">am zenit die sonne. hitze schwillt. die glut ihrer ber\u00fchrung treibt den schwei\u00df in die lenden lechzender h\u00e4nge. sucht seinen weg in den scho\u00df des lebens. steigt auf als edler tropfen an der frucht die uns berauscht. unter dem schritt der lust dampft der boden sich zu schw\u00fcle. hei\u00dfer atem umweht die schl\u00e4fe des fl\u00fcsternden sees.<\/font><\/p>\n<p>\u00a9 evelyne w.<\/p>\n<p>&nbsp;<\/p>\n","protected":false},"excerpt":{"rendered":"<p>&nbsp; am zenit die sonne. hitze schwillt. die glut ihrer ber\u00fchrung treibt den schwei\u00df in die lenden lechzender h\u00e4nge. sucht seinen weg in den scho\u00df des lebens. steigt auf als edler tropfen an der frucht die uns berauscht. unter dem schritt der lust dampft der boden sich zu schw\u00fcle. hei\u00dfer atem umweht die schl\u00e4fe des [&hellip;]<\/p>\n","protected":false},"author":1,"featured_media":0,"comment_status":"open","ping_status":"open","sticky":false,"template":"","format":"standard","meta":{"jetpack_post_was_ever_published":false,"_jetpack_newsletter_access":"","_jetpack_dont_email_post_to_subs":false,"_jetpack_newsletter_tier_id":0,"_jetpack_memberships_contains_paywalled_content":false,"_jetpack_memberships_contains_paid_content":false,"footnotes":"","jetpack_publicize_message":"","jetpack_publicize_feature_enabled":true,"jetpack_social_post_already_shared":false,"jetpack_social_options":{"image_generator_settings":{"template":"highway","default_image_id":0,"font":"","enabled":false},"version":2}},"categories":[244,9],"tags":[70,308,91,131,133,152,168],"class_list":["post-1377","post","type-post","status-publish","format-standard","hentry","category-neue-heimatgedichte","category-gedichte-2","tag-burgenland","tag-eros-im-weinberg","tag-gedichte","tag-literatur","tag-lyrik","tag-neusiedlersee","tag-prosalyrik"],"jetpack_publicize_connections":[],"jetpack_featured_media_url":"","jetpack_shortlink":"https:\/\/wp.me\/s3ZwSb-mittag","jetpack_sharing_enabled":true,"jetpack_likes_enabled":true,"_links":{"self":[{"href":"https:\/\/filosofium.evelyne-weissenbach.at\/index.php?rest_route=\/wp\/v2\/posts\/1377","targetHints":{"allow":["GET"]}}],"collection":[{"href":"https:\/\/filosofium.evelyne-weissenbach.at\/index.php?rest_route=\/wp\/v2\/posts"}],"about":[{"href":"https:\/\/filosofium.evelyne-weissenbach.at\/index.php?rest_route=\/wp\/v2\/types\/post"}],"author":[{"embeddable":true,"href":"https:\/\/filosofium.evelyne-weissenbach.at\/index.php?rest_route=\/wp\/v2\/users\/1"}],"replies":[{"embeddable":true,"href":"https:\/\/filosofium.evelyne-weissenbach.at\/index.php?rest_route=%2Fwp%2Fv2%2Fcomments&post=1377"}],"version-history":[{"count":0,"href":"https:\/\/filosofium.evelyne-weissenbach.at\/index.php?rest_route=\/wp\/v2\/posts\/1377\/revisions"}],"wp:attachment":[{"href":"https:\/\/filosofium.evelyne-weissenbach.at\/index.php?rest_route=%2Fwp%2Fv2%2Fmedia&parent=1377"}],"wp:term":[{"taxonomy":"category","embeddable":true,"href":"https:\/\/filosofium.evelyne-weissenbach.at\/index.php?rest_route=%2Fwp%2Fv2%2Fcategories&post=1377"},{"taxonomy":"post_tag","embeddable":true,"href":"https:\/\/filosofium.evelyne-weissenbach.at\/index.php?rest_route=%2Fwp%2Fv2%2Ftags&post=1377"}],"curies":[{"name":"wp","href":"https:\/\/api.w.org\/{rel}","templated":true}]}}