{"id":1468,"date":"2012-08-08T10:27:20","date_gmt":"2012-08-08T08:27:20","guid":{"rendered":"http:\/\/filosofium.wordpress.com\/?p=1468"},"modified":"2012-08-08T10:27:20","modified_gmt":"2012-08-08T08:27:20","slug":"morgenwalzer","status":"publish","type":"post","link":"https:\/\/filosofium.evelyne-weissenbach.at\/?p=1468","title":{"rendered":"morgenwalzer"},"content":{"rendered":"<p>&nbsp;<br \/>\n<font size=\"3\">legt sich der morgen<br \/>\nin die kurve<br \/>\nw\u00e4lzt r\u00f6tlich sich<br \/>\ndas licht<br \/>\ndurch die ballettreihen<br \/>\nder reben <\/p>\n<p>der wind setzt<br \/>\nseine fl\u00f6te an die lippen<br \/>\nsanft wippen die tutus<br \/>\nbeine vibrieren<\/p>\n<p>und dann schwingt<br \/>\nder weinberg<br \/>\nim walzer<br \/>\neines neuen tags<br \/>\n<\/font><\/p>\n<p>\u00a9 evelyne w.<\/p>\n<p>&nbsp;<\/p>\n","protected":false},"excerpt":{"rendered":"<p>&nbsp; legt sich der morgen in die kurve w\u00e4lzt r\u00f6tlich sich das licht durch die ballettreihen der reben der wind setzt seine fl\u00f6te an die lippen sanft wippen die tutus beine vibrieren und dann schwingt der weinberg im walzer eines neuen tags \u00a9 evelyne w. &nbsp;<\/p>\n","protected":false},"author":1,"featured_media":0,"comment_status":"open","ping_status":"open","sticky":false,"template":"","format":"standard","meta":{"jetpack_post_was_ever_published":false,"_jetpack_newsletter_access":"","_jetpack_dont_email_post_to_subs":false,"_jetpack_newsletter_tier_id":0,"_jetpack_memberships_contains_paywalled_content":false,"_jetpack_memberships_contains_paid_content":false,"footnotes":"","jetpack_publicize_message":"","jetpack_publicize_feature_enabled":true,"jetpack_social_post_already_shared":false,"jetpack_social_options":{"image_generator_settings":{"template":"highway","default_image_id":0,"font":"","enabled":false},"version":2}},"categories":[244,9],"tags":[70,91,131,133,152],"class_list":["post-1468","post","type-post","status-publish","format-standard","hentry","category-neue-heimatgedichte","category-gedichte-2","tag-burgenland","tag-gedichte","tag-literatur","tag-lyrik","tag-neusiedlersee"],"jetpack_publicize_connections":[],"jetpack_featured_media_url":"","jetpack_shortlink":"https:\/\/wp.me\/p3ZwSb-nG","jetpack_sharing_enabled":true,"jetpack_likes_enabled":true,"_links":{"self":[{"href":"https:\/\/filosofium.evelyne-weissenbach.at\/index.php?rest_route=\/wp\/v2\/posts\/1468","targetHints":{"allow":["GET"]}}],"collection":[{"href":"https:\/\/filosofium.evelyne-weissenbach.at\/index.php?rest_route=\/wp\/v2\/posts"}],"about":[{"href":"https:\/\/filosofium.evelyne-weissenbach.at\/index.php?rest_route=\/wp\/v2\/types\/post"}],"author":[{"embeddable":true,"href":"https:\/\/filosofium.evelyne-weissenbach.at\/index.php?rest_route=\/wp\/v2\/users\/1"}],"replies":[{"embeddable":true,"href":"https:\/\/filosofium.evelyne-weissenbach.at\/index.php?rest_route=%2Fwp%2Fv2%2Fcomments&post=1468"}],"version-history":[{"count":0,"href":"https:\/\/filosofium.evelyne-weissenbach.at\/index.php?rest_route=\/wp\/v2\/posts\/1468\/revisions"}],"wp:attachment":[{"href":"https:\/\/filosofium.evelyne-weissenbach.at\/index.php?rest_route=%2Fwp%2Fv2%2Fmedia&parent=1468"}],"wp:term":[{"taxonomy":"category","embeddable":true,"href":"https:\/\/filosofium.evelyne-weissenbach.at\/index.php?rest_route=%2Fwp%2Fv2%2Fcategories&post=1468"},{"taxonomy":"post_tag","embeddable":true,"href":"https:\/\/filosofium.evelyne-weissenbach.at\/index.php?rest_route=%2Fwp%2Fv2%2Ftags&post=1468"}],"curies":[{"name":"wp","href":"https:\/\/api.w.org\/{rel}","templated":true}]}}