{"id":1474,"date":"2012-08-14T10:29:15","date_gmt":"2012-08-14T08:29:15","guid":{"rendered":"http:\/\/filosofium.wordpress.com\/?p=1474"},"modified":"2012-08-14T10:29:15","modified_gmt":"2012-08-14T08:29:15","slug":"dempoem-no-9-regenbogen","status":"publish","type":"post","link":"https:\/\/filosofium.evelyne-weissenbach.at\/?p=1474","title":{"rendered":"DemPoem No. 9 &#8211; Regenbogen"},"content":{"rendered":"<p>&nbsp;<br \/>\n<img loading=\"lazy\" decoding=\"async\" src=\"http:\/\/i274.photobucket.com\/albums\/jj272\/lin_tschi\/blogs\/w48_0073.jpg\" width=\"480\" height=\"360\" border=\"0\" title=\"regenbogen\" alt=\"regenbogen\"><\/p>\n<p><font size=\"3\"> Regen f\u00e4llt<br \/>\nSonne scheint<br \/>\nEs steigt ein<br \/>\nRegenbogen<br \/>\nIn den Himmel<\/p>\n<p>Bl\u00e4tter tropfen<br \/>\nWege gl\u00e4nzen<br \/>\nEs steigt ein<br \/>\nRegenbogen<br \/>\nIn den Himmel<\/p>\n<p>Wolken tanzen<br \/>\nWinde streicheln<br \/>\nEs steigt ein<br \/>\nRegenbogen<br \/>\nIn den Himmel<\/p>\n<p>Ich geh&#8216; spazieren<br \/>\nUnd dabei steige ich<br \/>\nAuf dem Regenbogen<br \/>\nIn den Himmel<\/font><\/p>\n<p>\u00a9 evelyne w.<\/p>\n<p><a title=\"regenbogen - audio\" href=\"http:\/\/liebesphaenomen.podspot.de\/files\/regenbogen.mp3\" target=\"_blank\" rel=\"noopener\"><img decoding=\"async\" title=\"regenbogen - audio\" src=\"http:\/\/i274.photobucket.com\/albums\/jj272\/lin_tschi\/div\/wp\/hoerbutton.gif\" alt=\"regenbogen - audio\" \/><\/a><\/p>\n<p style=\"text-align:center;\"><a href=\"http:\/\/dementiapoetry.blogspot.co.at\/\" target=\"_blank\" rel=\"noopener\"><strong>Dementia-Poetry<\/strong><\/a> aus meinem Buch <a href=\"http:\/\/www.hs-verlage.at\/programm\/info_umarmung.html\" target=\"_blank\" rel=\"noopener\"> <strong>In der Umarmung des Vergessens &#8211; Dementielles<\/strong><\/a><\/p>\n<p><a href=\"http:\/\/www.hs-verlage.at\/programm\/info_umarmung.html\" target=\"_blank\" rel=\"noopener\"><img loading=\"lazy\" decoding=\"async\" class=\"aligncenter\" title=\"in der umarmung des vergessens\" src=\"http:\/\/www.evelyne-weissenbach.at\/wordpress\/vergessen.jpg\" alt=\"in der umarmung des vergessens\" width=\"160\" height=\"160\" border=\"0\" \/><\/a><\/p>\n<p>&nbsp;<\/p>\n<p>&nbsp;<\/p>\n","protected":false},"excerpt":{"rendered":"<p>&nbsp; Regen f\u00e4llt Sonne scheint Es steigt ein Regenbogen In den Himmel Bl\u00e4tter tropfen Wege gl\u00e4nzen Es steigt ein Regenbogen In den Himmel Wolken tanzen Winde streicheln Es steigt ein Regenbogen In den Himmel Ich geh&#8216; spazieren Und dabei steige ich Auf dem Regenbogen In den Himmel \u00a9 evelyne w. Dementia-Poetry aus meinem Buch In [&hellip;]<\/p>\n","protected":false},"author":1,"featured_media":0,"comment_status":"open","ping_status":"open","sticky":false,"template":"","format":"standard","meta":{"jetpack_post_was_ever_published":false,"_jetpack_newsletter_access":"","_jetpack_dont_email_post_to_subs":false,"_jetpack_newsletter_tier_id":0,"_jetpack_memberships_contains_paywalled_content":false,"_jetpack_memberships_contains_paid_content":false,"footnotes":"","jetpack_publicize_message":"","jetpack_publicize_feature_enabled":true,"jetpack_social_post_already_shared":false,"jetpack_social_options":{"image_generator_settings":{"template":"highway","default_image_id":0,"font":"","enabled":false},"version":2}},"categories":[35,6,5,9],"tags":[46,48,49,53,65,74,77,91,94,98,120,131,133,164,182,185,199,202],"class_list":["post-1474","post","type-post","status-publish","format-standard","hentry","category-dementia-poetry-gedichte","category-dempoems","category-dementia-poetry-2","category-gedichte-2","tag-alter","tag-altsein","tag-alzheimer","tag-audio","tag-bewusstsein","tag-dementia","tag-demenz","tag-gedichte","tag-geriatrie","tag-hortext","tag-lebenshilfe","tag-literatur","tag-lyrik","tag-poetry","tag-selbsthilfe","tag-senioren","tag-umnachtung","tag-vergesslichkeit"],"jetpack_publicize_connections":[],"jetpack_featured_media_url":"","jetpack_shortlink":"https:\/\/wp.me\/p3ZwSb-nM","jetpack_sharing_enabled":true,"jetpack_likes_enabled":true,"_links":{"self":[{"href":"https:\/\/filosofium.evelyne-weissenbach.at\/index.php?rest_route=\/wp\/v2\/posts\/1474","targetHints":{"allow":["GET"]}}],"collection":[{"href":"https:\/\/filosofium.evelyne-weissenbach.at\/index.php?rest_route=\/wp\/v2\/posts"}],"about":[{"href":"https:\/\/filosofium.evelyne-weissenbach.at\/index.php?rest_route=\/wp\/v2\/types\/post"}],"author":[{"embeddable":true,"href":"https:\/\/filosofium.evelyne-weissenbach.at\/index.php?rest_route=\/wp\/v2\/users\/1"}],"replies":[{"embeddable":true,"href":"https:\/\/filosofium.evelyne-weissenbach.at\/index.php?rest_route=%2Fwp%2Fv2%2Fcomments&post=1474"}],"version-history":[{"count":0,"href":"https:\/\/filosofium.evelyne-weissenbach.at\/index.php?rest_route=\/wp\/v2\/posts\/1474\/revisions"}],"wp:attachment":[{"href":"https:\/\/filosofium.evelyne-weissenbach.at\/index.php?rest_route=%2Fwp%2Fv2%2Fmedia&parent=1474"}],"wp:term":[{"taxonomy":"category","embeddable":true,"href":"https:\/\/filosofium.evelyne-weissenbach.at\/index.php?rest_route=%2Fwp%2Fv2%2Fcategories&post=1474"},{"taxonomy":"post_tag","embeddable":true,"href":"https:\/\/filosofium.evelyne-weissenbach.at\/index.php?rest_route=%2Fwp%2Fv2%2Ftags&post=1474"}],"curies":[{"name":"wp","href":"https:\/\/api.w.org\/{rel}","templated":true}]}}