{"id":1497,"date":"2012-08-20T18:33:03","date_gmt":"2012-08-20T16:33:03","guid":{"rendered":"http:\/\/filosofium.wordpress.com\/?p=1497"},"modified":"2012-08-20T18:33:03","modified_gmt":"2012-08-20T16:33:03","slug":"entladen","status":"publish","type":"post","link":"https:\/\/filosofium.evelyne-weissenbach.at\/?p=1497","title":{"rendered":"entladen"},"content":{"rendered":"<p>&nbsp;<br \/>\n<font size=\"3\">die wolken<br \/>\nh\u00e4ngen tief<br \/>\nregenschwere trieft<br \/>\naus meinen s\u00e4umen<\/p>\n<p>die f\u00fc\u00dfe haltlos<br \/>\nim schlamm<br \/>\nder bis zum horizont<br \/>\nsich dr\u00e4ngt<\/p>\n<p>bevor jedoch<br \/>\ndie nacht anbricht<br \/>\nentl\u00e4dt sich das gewitter<\/p>\n<p>der sturm trocknet<br \/>\nmein kleid<br \/>\nden boden<\/p>\n<p>und<br \/>\ndie sonne steigt<br \/>\nunbelastet<br \/>\naus dem dunst<br \/>\ndes morgens<\/font><\/p>\n<p>\u00a9 evelyne w.<\/p>\n<p>&nbsp;<\/p>\n","protected":false},"excerpt":{"rendered":"<p>&nbsp; die wolken h\u00e4ngen tief regenschwere trieft aus meinen s\u00e4umen die f\u00fc\u00dfe haltlos im schlamm der bis zum horizont sich dr\u00e4ngt bevor jedoch die nacht anbricht entl\u00e4dt sich das gewitter der sturm trocknet mein kleid den boden und die sonne steigt unbelastet aus dem dunst des morgens \u00a9 evelyne w. &nbsp;<\/p>\n","protected":false},"author":1,"featured_media":0,"comment_status":"open","ping_status":"open","sticky":false,"template":"","format":"standard","meta":{"jetpack_post_was_ever_published":false,"_jetpack_newsletter_access":"","_jetpack_dont_email_post_to_subs":false,"_jetpack_newsletter_tier_id":0,"_jetpack_memberships_contains_paywalled_content":false,"_jetpack_memberships_contains_paid_content":false,"footnotes":"","jetpack_publicize_message":"","jetpack_publicize_feature_enabled":true,"jetpack_social_post_already_shared":false,"jetpack_social_options":{"image_generator_settings":{"template":"highway","default_image_id":0,"font":"","enabled":false},"version":2}},"categories":[22,9],"tags":[91,131,133,181,184,206],"class_list":["post-1497","post","type-post","status-publish","format-standard","hentry","category-prosalyrik-gedichte","category-gedichte-2","tag-gedichte","tag-literatur","tag-lyrik","tag-selbsterkenntnis","tag-selbstliebe","tag-verse"],"jetpack_publicize_connections":[],"jetpack_featured_media_url":"","jetpack_shortlink":"https:\/\/wp.me\/s3ZwSb-entladen","jetpack_sharing_enabled":true,"jetpack_likes_enabled":true,"_links":{"self":[{"href":"https:\/\/filosofium.evelyne-weissenbach.at\/index.php?rest_route=\/wp\/v2\/posts\/1497","targetHints":{"allow":["GET"]}}],"collection":[{"href":"https:\/\/filosofium.evelyne-weissenbach.at\/index.php?rest_route=\/wp\/v2\/posts"}],"about":[{"href":"https:\/\/filosofium.evelyne-weissenbach.at\/index.php?rest_route=\/wp\/v2\/types\/post"}],"author":[{"embeddable":true,"href":"https:\/\/filosofium.evelyne-weissenbach.at\/index.php?rest_route=\/wp\/v2\/users\/1"}],"replies":[{"embeddable":true,"href":"https:\/\/filosofium.evelyne-weissenbach.at\/index.php?rest_route=%2Fwp%2Fv2%2Fcomments&post=1497"}],"version-history":[{"count":0,"href":"https:\/\/filosofium.evelyne-weissenbach.at\/index.php?rest_route=\/wp\/v2\/posts\/1497\/revisions"}],"wp:attachment":[{"href":"https:\/\/filosofium.evelyne-weissenbach.at\/index.php?rest_route=%2Fwp%2Fv2%2Fmedia&parent=1497"}],"wp:term":[{"taxonomy":"category","embeddable":true,"href":"https:\/\/filosofium.evelyne-weissenbach.at\/index.php?rest_route=%2Fwp%2Fv2%2Fcategories&post=1497"},{"taxonomy":"post_tag","embeddable":true,"href":"https:\/\/filosofium.evelyne-weissenbach.at\/index.php?rest_route=%2Fwp%2Fv2%2Ftags&post=1497"}],"curies":[{"name":"wp","href":"https:\/\/api.w.org\/{rel}","templated":true}]}}