{"id":1507,"date":"2012-08-27T10:46:01","date_gmt":"2012-08-27T08:46:01","guid":{"rendered":"http:\/\/filosofium.wordpress.com\/?p=1507"},"modified":"2012-08-27T10:46:01","modified_gmt":"2012-08-27T08:46:01","slug":"ist-der-tag-nicht-stumm","status":"publish","type":"post","link":"https:\/\/filosofium.evelyne-weissenbach.at\/?p=1507","title":{"rendered":"ist der tag nicht stumm"},"content":{"rendered":"<p>&nbsp;<br \/>\n<font size=\"3\">auch wenn die worte schlummern<br \/>\nist der tag nicht stumm<\/p>\n<p>es fl\u00fcstern winde<br \/>\nb\u00e4ume<br \/>\nblumen<\/p>\n<p>sprachlos<br \/>\nund doch so beredt<\/p>\n<p>deine haut<br \/>\nsie summt ein lied<br \/>\naus melodien der z\u00e4rtlichkeit<\/p>\n<p>und die lust<br \/>\nschwingt ihre h\u00fcften<br \/>\nim takt des<br \/>\nunh\u00f6rbaren uns<\/font><\/p>\n<p>\u00a9 evelyne w.<\/p>\n<p><a href=\"http:\/\/lyriclove.podspot.de\/files\/stumm.mp3\" title=\"ist der tag nicht stumm - audio\" target=\"_blank\" rel=\"noopener\"><img decoding=\"async\" src=\"http:\/\/i274.photobucket.com\/albums\/jj272\/lin_tschi\/div\/wp\/hoerbutton.gif\" alt=\"ist der tag nicht stumm - audio\" title=\"ist der tag nicht stumm - audio\" \/><\/a><\/p>\n<p>&nbsp;<\/p>\n<p>&nbsp;<\/p>\n","protected":false},"excerpt":{"rendered":"<p>&nbsp; auch wenn die worte schlummern ist der tag nicht stumm es fl\u00fcstern winde b\u00e4ume blumen sprachlos und doch so beredt deine haut sie summt ein lied aus melodien der z\u00e4rtlichkeit und die lust schwingt ihre h\u00fcften im takt des unh\u00f6rbaren uns \u00a9 evelyne w. &nbsp; &nbsp;<\/p>\n","protected":false},"author":1,"featured_media":0,"comment_status":"open","ping_status":"open","sticky":false,"template":"","format":"standard","meta":{"jetpack_post_was_ever_published":false,"_jetpack_newsletter_access":"","_jetpack_dont_email_post_to_subs":false,"_jetpack_newsletter_tier_id":0,"_jetpack_memberships_contains_paywalled_content":false,"_jetpack_memberships_contains_paid_content":false,"footnotes":"","jetpack_publicize_message":"","jetpack_publicize_feature_enabled":true,"jetpack_social_post_already_shared":false,"jetpack_social_options":{"image_generator_settings":{"template":"highway","default_image_id":0,"font":"","enabled":false},"version":2}},"categories":[15,9,11],"tags":[91,128,129,131,133,163],"class_list":["post-1507","post","type-post","status-publish","format-standard","hentry","category-liebesgedichte-gedichte","category-gedichte-2","category-hortexte","tag-gedichte","tag-liebesgedichte","tag-liebeslyrik","tag-literatur","tag-lyrik","tag-poesie"],"jetpack_publicize_connections":[],"jetpack_featured_media_url":"","jetpack_shortlink":"https:\/\/wp.me\/p3ZwSb-oj","jetpack_sharing_enabled":true,"jetpack_likes_enabled":true,"_links":{"self":[{"href":"https:\/\/filosofium.evelyne-weissenbach.at\/index.php?rest_route=\/wp\/v2\/posts\/1507","targetHints":{"allow":["GET"]}}],"collection":[{"href":"https:\/\/filosofium.evelyne-weissenbach.at\/index.php?rest_route=\/wp\/v2\/posts"}],"about":[{"href":"https:\/\/filosofium.evelyne-weissenbach.at\/index.php?rest_route=\/wp\/v2\/types\/post"}],"author":[{"embeddable":true,"href":"https:\/\/filosofium.evelyne-weissenbach.at\/index.php?rest_route=\/wp\/v2\/users\/1"}],"replies":[{"embeddable":true,"href":"https:\/\/filosofium.evelyne-weissenbach.at\/index.php?rest_route=%2Fwp%2Fv2%2Fcomments&post=1507"}],"version-history":[{"count":0,"href":"https:\/\/filosofium.evelyne-weissenbach.at\/index.php?rest_route=\/wp\/v2\/posts\/1507\/revisions"}],"wp:attachment":[{"href":"https:\/\/filosofium.evelyne-weissenbach.at\/index.php?rest_route=%2Fwp%2Fv2%2Fmedia&parent=1507"}],"wp:term":[{"taxonomy":"category","embeddable":true,"href":"https:\/\/filosofium.evelyne-weissenbach.at\/index.php?rest_route=%2Fwp%2Fv2%2Fcategories&post=1507"},{"taxonomy":"post_tag","embeddable":true,"href":"https:\/\/filosofium.evelyne-weissenbach.at\/index.php?rest_route=%2Fwp%2Fv2%2Ftags&post=1507"}],"curies":[{"name":"wp","href":"https:\/\/api.w.org\/{rel}","templated":true}]}}