{"id":1565,"date":"2012-09-11T10:43:30","date_gmt":"2012-09-11T08:43:30","guid":{"rendered":"http:\/\/filosofium.wordpress.com\/?p=1565"},"modified":"2012-09-11T10:43:30","modified_gmt":"2012-09-11T08:43:30","slug":"september","status":"publish","type":"post","link":"https:\/\/filosofium.evelyne-weissenbach.at\/?p=1565","title":{"rendered":"september"},"content":{"rendered":"<p>&nbsp;<br \/>\n<font size=\"3\"> der september<br \/>\nk\u00fcsst mein leben<br \/>\ngolden<br \/>\nleuchtet dein wort<br \/>\ndurch das rot an den zweigen<br \/>\nmeiner lust<\/p>\n<p>die trauben<br \/>\ngaukeln s\u00fc\u00dfe<br \/>\nin meine augen<br \/>\nsilbern<br \/>\nschimmert der horizont<br \/>\nhinter den rebst\u00f6cken<br \/>\nder liebe<\/p>\n<p>das laub<br \/>\nraschelt leise<br \/>\nim winde meiner sehnsucht<br \/>\nund die astern<br \/>\ngl\u00fchen<br \/>\nauf die wege<br \/>\ndurch den garten<br \/>\nder erinnerung<\/font><\/p>\n<p>\u00a9 evelyne w.<\/p>\n<p>&nbsp;<\/p>\n","protected":false},"excerpt":{"rendered":"<p>&nbsp; der september k\u00fcsst mein leben golden leuchtet dein wort durch das rot an den zweigen meiner lust die trauben gaukeln s\u00fc\u00dfe in meine augen silbern schimmert der horizont hinter den rebst\u00f6cken der liebe das laub raschelt leise im winde meiner sehnsucht und die astern gl\u00fchen auf die wege durch den garten der erinnerung \u00a9 [&hellip;]<\/p>\n","protected":false},"author":1,"featured_media":0,"comment_status":"open","ping_status":"open","sticky":false,"template":"","format":"standard","meta":{"jetpack_post_was_ever_published":false,"_jetpack_newsletter_access":"","_jetpack_dont_email_post_to_subs":false,"_jetpack_newsletter_tier_id":0,"_jetpack_memberships_contains_paywalled_content":false,"_jetpack_memberships_contains_paid_content":false,"footnotes":"","jetpack_publicize_message":"","jetpack_publicize_feature_enabled":true,"jetpack_social_post_already_shared":false,"jetpack_social_options":{"image_generator_settings":{"template":"highway","default_image_id":0,"font":"","enabled":false},"version":2}},"categories":[15,244,9],"tags":[70,308,91,131,133,152,168],"class_list":["post-1565","post","type-post","status-publish","format-standard","hentry","category-liebesgedichte-gedichte","category-neue-heimatgedichte","category-gedichte-2","tag-burgenland","tag-eros-im-weinberg","tag-gedichte","tag-literatur","tag-lyrik","tag-neusiedlersee","tag-prosalyrik"],"jetpack_publicize_connections":[],"jetpack_featured_media_url":"","jetpack_shortlink":"https:\/\/wp.me\/p3ZwSb-pf","jetpack_sharing_enabled":true,"jetpack_likes_enabled":true,"_links":{"self":[{"href":"https:\/\/filosofium.evelyne-weissenbach.at\/index.php?rest_route=\/wp\/v2\/posts\/1565","targetHints":{"allow":["GET"]}}],"collection":[{"href":"https:\/\/filosofium.evelyne-weissenbach.at\/index.php?rest_route=\/wp\/v2\/posts"}],"about":[{"href":"https:\/\/filosofium.evelyne-weissenbach.at\/index.php?rest_route=\/wp\/v2\/types\/post"}],"author":[{"embeddable":true,"href":"https:\/\/filosofium.evelyne-weissenbach.at\/index.php?rest_route=\/wp\/v2\/users\/1"}],"replies":[{"embeddable":true,"href":"https:\/\/filosofium.evelyne-weissenbach.at\/index.php?rest_route=%2Fwp%2Fv2%2Fcomments&post=1565"}],"version-history":[{"count":0,"href":"https:\/\/filosofium.evelyne-weissenbach.at\/index.php?rest_route=\/wp\/v2\/posts\/1565\/revisions"}],"wp:attachment":[{"href":"https:\/\/filosofium.evelyne-weissenbach.at\/index.php?rest_route=%2Fwp%2Fv2%2Fmedia&parent=1565"}],"wp:term":[{"taxonomy":"category","embeddable":true,"href":"https:\/\/filosofium.evelyne-weissenbach.at\/index.php?rest_route=%2Fwp%2Fv2%2Fcategories&post=1565"},{"taxonomy":"post_tag","embeddable":true,"href":"https:\/\/filosofium.evelyne-weissenbach.at\/index.php?rest_route=%2Fwp%2Fv2%2Ftags&post=1565"}],"curies":[{"name":"wp","href":"https:\/\/api.w.org\/{rel}","templated":true}]}}