{"id":1622,"date":"2012-10-09T12:40:06","date_gmt":"2012-10-09T10:40:06","guid":{"rendered":"http:\/\/filosofium.wordpress.com\/?p=1622"},"modified":"2012-10-09T12:40:06","modified_gmt":"2012-10-09T10:40:06","slug":"von-der-dummheit-der-menschheit","status":"publish","type":"post","link":"https:\/\/filosofium.evelyne-weissenbach.at\/?p=1622","title":{"rendered":"Von der Dummheit der Menschheit"},"content":{"rendered":"<p>&nbsp;<br \/>\n<font size=\"3\">Ja, da sind sich alle einig. Die Anderen sind bl\u00f6d! Zumindest die meisten.<br \/>\nUnd es gibt ja wohl nicht Sch\u00f6neres, als darauf hinzuweisen. Zitate werden verbreitet, Kolumnen, Gedichte und Texte jeder sonstigen Art werden zu diesem Thema geschrieben oder in Umlauf gebracht. Und ein Rundum-Schulterklopfen setzt ein. T\u00e4glich. \u00dcberall.<br \/>\nUnd besonders nat\u00fcrlich im Netz. Facebook und Twitter sind wunderbare Beete, aus denen solche Teilen-Texte bl\u00fchen, die die Brillanz des Posters best\u00e4tigen sollen.<\/p>\n<p>Und ich frage mich: Sind diese Menschen denn alle klug?<br \/>\nIst es ein Zeichen f\u00fcr Intelligenz, in den Worten eines Brandmarkers Wahrheit zu erkennen?<br \/>\nGen\u00fcgt es denn, um gescheit zu sein, das Anprangern der Dummheit der Anderen zu verbreiten?<br \/>\nIst ein Schulterschluss zur Schadenfreude ein Zeichen f\u00fcr Denkverm\u00f6gen?<\/p>\n<p>Wo beginnt die &#8222;Dummheit&#8220; der Menschen?<br \/>\nDie Dummheit der Menschen h\u00e4ngt nicht an der Bildung. Wissen hat noch niemals klug gemacht. Wissen manipuliert!<br \/>\nIntelligenz beginnt nicht im Kopf, sondern im Bauch. <\/p>\n<p>Menschen, die sich korrumpieren lassen, sich Machtgef\u00fcgen unterwerfen, sich von Parolen bestimmen lassen, werden auch diese Texte als Parolen an ihre Fahnen h\u00e4ngen.<br \/>\nWerden sich zur einen Seite drehen, um durch ein Nicken und Weiterverbreitung Intellekt bezeugen zu wollen und sich dann zur anderen Seite drehen, und genau das machen, das mit diesen Worten aufgezeigt wird.<\/p>\n<p>Auch die selbsternannten Aufr\u00fcttler handeln nach dem gleichen Schema. Millionen von negativen Nachrichten und Gr\u00e4uelfotos werden t\u00e4glich durch die Medien geschleust. Und kein einziges hat jemals zur Verbesserung der Welt beigetragen.<\/p>\n<p>Denken denn die Gescheiten und Guten nicht?<\/p>\n<p>Wer sieht sich denn diese Bilder an? Wer liest denn diese Horrornachrichten?<br \/>\nEntweder begeilen sich die Psychopathen daran oder die Aufmerksamkeitshascher lachen sich in die knallharte Faust, finden sie sich als Mittelunkt der Teiler-Gemeinde.<\/p>\n<p>Der gesunde Mensch sucht andere Nachrichten, \u00fcberfliegt deshalb diese Hiobsbotschaften mit halbgeschlossenen Lidern.<br \/>\nDenn der Mensch ist mit einem ganz wichtigen Instrument ausger\u00fcstet, um die Tragik der Menschheit \u00fcberleben zu k\u00f6nnen: mit der Abstumpfung!<\/p>\n<p>Abstumpfung, Verdr\u00e4ngung und Rationalisierung sind \u00dcberlebensmechanismen der Menschen. Sonst m\u00fcssten wir uns alle schon l\u00e4ngst vor lauter Angst und Schrecken gemeinschaftlich \u00fcber die Klippe des Endes der Welt in die Tiefe gest\u00fcrzt haben. Wenn wir das ganze Ausma\u00df der menschlichen Nachtseite, ohne Filterung und Abwehrautomatik wahrnehmen m\u00fcssten.<\/p>\n<p>Verbreitung von Parolen \u00fcber Dummheit oder Fotos von gemarterten Kindern oder Tieren zeugen nicht von besonderer Klugheit oder besonderer G\u00fcte, sondern verleiten zum Schulterschluss der Nickergemeinde. Und zum hilflosen Achselzucken der Randgruppe von Willigen.<\/p>\n<p>Ich habe eine wunderbare FB-Freundin, die sich dem Tierschutz widmet. Sie holt gequ\u00e4lte und kranke Tierchen zu sich, pflegt sie auf ihre Kosten gesund und sucht dann gute Pl\u00e4tze f\u00fcr sie. Unerm\u00fcdlich. Sie braucht keine Horrorfotos, um Willige zu finden, die ihr zur Seite stehen. Sie braucht keine Anschuldigungen an den &#8222;Rest der Menschheit&#8220;, dass er sich um nichts k\u00fcmmert. Sie braucht ihre ganze Energie f\u00fcr die Taten die SIE setzt!<\/p>\n<p>DAS erscheint MIR klug. Das Verst\u00e4rken positiver Energie. Damit k\u00f6nnte man die Welt retten!<\/p>\n<p>Und genauso sehe ich das auch bei Texten. \u00dcberheblichkeit zu demonstrieren, indem man die Dummheit der Anderen pauschal anprangert, macht f\u00fcr mich noch lange keinen gescheiten Menschen aus. Abgesehen davon, dass die faschistische Grundlage mir immer ein Gruseln verursacht. Und Menschengruppen pauschal abzuurteilen, IST immer faschistoid!<\/font><\/p>\n<p>\u00a9 evelyne w.<\/p>\n<p>&nbsp;<\/p>\n","protected":false},"excerpt":{"rendered":"<p>&nbsp; Ja, da sind sich alle einig. Die Anderen sind bl\u00f6d! Zumindest die meisten. Und es gibt ja wohl nicht Sch\u00f6neres, als darauf hinzuweisen. Zitate werden verbreitet, Kolumnen, Gedichte und Texte jeder sonstigen Art werden zu diesem Thema geschrieben oder in Umlauf gebracht. Und ein Rundum-Schulterklopfen setzt ein. T\u00e4glich. \u00dcberall. Und besonders nat\u00fcrlich im Netz. [&hellip;]<\/p>\n","protected":false},"author":1,"featured_media":0,"comment_status":"open","ping_status":"open","sticky":false,"template":"","format":"standard","meta":{"jetpack_post_was_ever_published":false,"_jetpack_newsletter_access":"","_jetpack_dont_email_post_to_subs":false,"_jetpack_newsletter_tier_id":0,"_jetpack_memberships_contains_paywalled_content":false,"_jetpack_memberships_contains_paid_content":false,"footnotes":"","jetpack_publicize_message":"","jetpack_publicize_feature_enabled":true,"jetpack_social_post_already_shared":false,"jetpack_social_options":{"image_generator_settings":{"template":"highway","default_image_id":0,"font":"","enabled":false},"version":2}},"categories":[7,233],"tags":[251,64,65,86,161,169,170,181,184,59],"class_list":["post-1622","post","type-post","status-publish","format-standard","hentry","category-die-wichtigkeit-des-seins","category-kolumne-2","tag-abstumpfung","tag-bewusstmachung","tag-bewusstsein","tag-faschismus","tag-philosophie","tag-psychologie","tag-psychologisches-training","tag-selbsterkenntnis","tag-selbstliebe","tag-uberhebung"],"jetpack_publicize_connections":[],"jetpack_featured_media_url":"","jetpack_shortlink":"https:\/\/wp.me\/p3ZwSb-qa","jetpack_sharing_enabled":true,"jetpack_likes_enabled":true,"_links":{"self":[{"href":"https:\/\/filosofium.evelyne-weissenbach.at\/index.php?rest_route=\/wp\/v2\/posts\/1622","targetHints":{"allow":["GET"]}}],"collection":[{"href":"https:\/\/filosofium.evelyne-weissenbach.at\/index.php?rest_route=\/wp\/v2\/posts"}],"about":[{"href":"https:\/\/filosofium.evelyne-weissenbach.at\/index.php?rest_route=\/wp\/v2\/types\/post"}],"author":[{"embeddable":true,"href":"https:\/\/filosofium.evelyne-weissenbach.at\/index.php?rest_route=\/wp\/v2\/users\/1"}],"replies":[{"embeddable":true,"href":"https:\/\/filosofium.evelyne-weissenbach.at\/index.php?rest_route=%2Fwp%2Fv2%2Fcomments&post=1622"}],"version-history":[{"count":0,"href":"https:\/\/filosofium.evelyne-weissenbach.at\/index.php?rest_route=\/wp\/v2\/posts\/1622\/revisions"}],"wp:attachment":[{"href":"https:\/\/filosofium.evelyne-weissenbach.at\/index.php?rest_route=%2Fwp%2Fv2%2Fmedia&parent=1622"}],"wp:term":[{"taxonomy":"category","embeddable":true,"href":"https:\/\/filosofium.evelyne-weissenbach.at\/index.php?rest_route=%2Fwp%2Fv2%2Fcategories&post=1622"},{"taxonomy":"post_tag","embeddable":true,"href":"https:\/\/filosofium.evelyne-weissenbach.at\/index.php?rest_route=%2Fwp%2Fv2%2Ftags&post=1622"}],"curies":[{"name":"wp","href":"https:\/\/api.w.org\/{rel}","templated":true}]}}