{"id":1667,"date":"2012-10-15T18:01:34","date_gmt":"2012-10-15T16:01:34","guid":{"rendered":"http:\/\/filosofium.wordpress.com\/?p=1667"},"modified":"2012-10-15T18:01:34","modified_gmt":"2012-10-15T16:01:34","slug":"50-euro-buchergutschein-zu-gewinnen","status":"publish","type":"post","link":"https:\/\/filosofium.evelyne-weissenbach.at\/?p=1667","title":{"rendered":"50-Euro-B\u00fcchergutschein zu gewinnen!"},"content":{"rendered":"<p>&nbsp;<br \/>\n<font size=\"3\">Vom 15. Oktober bis zum 5. November 2012<br \/>\nkann f\u00fcr den <a href=\"http:\/\/www.burgenland.at\/kultur\/3x7\/buecher\" target=\"_blank\" rel=\"noopener\">Burgenl\u00e4ndischen Buchpreis<\/a> gevotet werden.<\/p>\n<p>Mein Buch <a href=\"http:\/\/www.hs-verlage.at\/programm\/info_umarmung.html\" target=\"_blank\" rel=\"noopener\">&#8222;in der Umarmung des Vergessens &#8211; Dementielles&#8220;<\/a> wurde nominiert! Und nat\u00fcrlich w\u00e4re es super, wenn ihr daf\u00fcr voten w\u00fcrdet.<\/p>\n<p><a href=\"http:\/\/www.hs-verlage.at\/programm\/info_umarmung.html\" target=\"_blank\" rel=\"noopener\"><img loading=\"lazy\" decoding=\"async\" class=\"aligncenter\" title=\"in der umarmung des vergessens\" src=\"http:\/\/i274.photobucket.com\/albums\/jj272\/lin_tschi\/hsl\/buchcover\/3w17023.jpg\" width=\"250\" height=\"250\" alt=\"in der umarmung des vergessens\" border=\"0\" \/><\/a><\/p>\n<p>Ich glaube schon, dass es ein Buch ist, f\u00fcr das man ein bisschen um Stimmen bitten darf, geht es doch nicht um Eitelkeit, sondern um die besondere Idee, die dadurch verbreitet wird. Also nix f\u00fcr ungut, bitte.<\/p>\n<p>Und danke im voraus!<\/p>\n<p>Buchhandlungen, in denen Stimmzettel abgegeben werden k\u00f6nnen:<br \/>\n<!--more--><\/p>\n<p><strong>Lesekistl Rapp &amp; Emich<\/strong><br \/>\nObere Hauptstra\u00dfe 2<br \/>\n7122 Gols<\/p>\n<p><strong>Knotzer GmbH<\/strong><br \/>\nUntere Hauptstr 62<br \/>\n7100 Neusiedl am See<\/p>\n<p><strong>Buchhandlung Nentwich-Lattner<\/strong><br \/>\nHauptstra\u00dfe 39<br \/>\n7000 Eisenstadt<\/p>\n<p><strong>AK Bibliothek<\/strong><br \/>\nWiener Stra\u00dfe 7<br \/>\n7000 Eisenstadt<\/p>\n<p><strong>Buch und Papier Knotzer<\/strong><br \/>\nGustav-Degen-Gasse 4<br \/>\n7210 Mattersburg<\/p>\n<p><strong>buchwelten<\/strong><br \/>\nHauptstra\u00dfe 8<br \/>\n7350 Oberpullendorf<\/p>\n<p><strong>Stadtb\u00fccherei Oberpullendorf<\/strong><br \/>\nEisenst\u00e4dterstra\u00dfe 9<br \/>\n7350 Oberpullendorf<\/p>\n<p><strong>Buch-Papier Pokorny<\/strong><br \/>\nSchulgasse 9<br \/>\n7400 Oberwart<\/p>\n<p><strong>Buch und Papier Desch-Drexler<\/strong><br \/>\nHauptstra\u00dfe 39<br \/>\n7423 Pinkafeld<\/p>\n<p><strong>Buch und Papier Desch-Drexler<\/strong><br \/>\nPater Gratian-Leserstrasse 6<br \/>\n7540 G\u00fcssing<\/p>\n<p><strong>Buch und Papier Wagner<\/strong><br \/>\nGrazer Stra\u00dfe 22<br \/>\n7551 Stegersbach<\/p>\n<p><strong>Stadtbibliothek Jennersdorf<\/strong><br \/>\nHauptplatz 5a<br \/>\n8380 Jennersdorf<\/p>\n<p>und im<br \/>\n<strong>Literaturhaus Mattersburg<\/strong><br \/>\nWulkal\u00e4nde 2<br \/>\n7210 Mattersburg<\/p>\n<p> <\/font><\/p>\n<p>&nbsp;<\/p>\n","protected":false},"excerpt":{"rendered":"<p>&nbsp; Vom 15. Oktober bis zum 5. November 2012 kann f\u00fcr den Burgenl\u00e4ndischen Buchpreis gevotet werden. Mein Buch &#8222;in der Umarmung des Vergessens &#8211; Dementielles&#8220; wurde nominiert! Und nat\u00fcrlich w\u00e4re es super, wenn ihr daf\u00fcr voten w\u00fcrdet. Ich glaube schon, dass es ein Buch ist, f\u00fcr das man ein bisschen um Stimmen bitten darf, geht [&hellip;]<\/p>\n","protected":false},"author":1,"featured_media":0,"comment_status":"open","ping_status":"open","sticky":false,"template":"","format":"standard","meta":{"jetpack_post_was_ever_published":false,"_jetpack_newsletter_access":"","_jetpack_dont_email_post_to_subs":false,"_jetpack_newsletter_tier_id":0,"_jetpack_memberships_contains_paywalled_content":false,"_jetpack_memberships_contains_paid_content":false,"footnotes":"","jetpack_publicize_message":"","jetpack_publicize_feature_enabled":true,"jetpack_social_post_already_shared":false,"jetpack_social_options":{"image_generator_settings":{"template":"highway","default_image_id":0,"font":"","enabled":false},"version":2}},"categories":[14,28],"tags":[46,48,49,65,286,289,74,75,77,78,91,94,118,131,133,185,464,199,202],"class_list":["post-1667","post","type-post","status-publish","format-standard","hentry","category-in-der-umarmung-des-vergessens","category-veroffentlichungen-2","tag-alter","tag-altsein","tag-alzheimer","tag-bewusstsein","tag-buchpreis","tag-burgenlandischer-buchpreis","tag-dementia","tag-dementia-poetry","tag-demenz","tag-demenzgedichte","tag-gedichte","tag-geriatrie","tag-kurzprosa","tag-literatur","tag-lyrik","tag-senioren","tag-seniorenheim","tag-umnachtung","tag-vergesslichkeit"],"jetpack_publicize_connections":[],"jetpack_featured_media_url":"","jetpack_shortlink":"https:\/\/wp.me\/p3ZwSb-qT","jetpack_sharing_enabled":true,"jetpack_likes_enabled":true,"_links":{"self":[{"href":"https:\/\/filosofium.evelyne-weissenbach.at\/index.php?rest_route=\/wp\/v2\/posts\/1667","targetHints":{"allow":["GET"]}}],"collection":[{"href":"https:\/\/filosofium.evelyne-weissenbach.at\/index.php?rest_route=\/wp\/v2\/posts"}],"about":[{"href":"https:\/\/filosofium.evelyne-weissenbach.at\/index.php?rest_route=\/wp\/v2\/types\/post"}],"author":[{"embeddable":true,"href":"https:\/\/filosofium.evelyne-weissenbach.at\/index.php?rest_route=\/wp\/v2\/users\/1"}],"replies":[{"embeddable":true,"href":"https:\/\/filosofium.evelyne-weissenbach.at\/index.php?rest_route=%2Fwp%2Fv2%2Fcomments&post=1667"}],"version-history":[{"count":0,"href":"https:\/\/filosofium.evelyne-weissenbach.at\/index.php?rest_route=\/wp\/v2\/posts\/1667\/revisions"}],"wp:attachment":[{"href":"https:\/\/filosofium.evelyne-weissenbach.at\/index.php?rest_route=%2Fwp%2Fv2%2Fmedia&parent=1667"}],"wp:term":[{"taxonomy":"category","embeddable":true,"href":"https:\/\/filosofium.evelyne-weissenbach.at\/index.php?rest_route=%2Fwp%2Fv2%2Fcategories&post=1667"},{"taxonomy":"post_tag","embeddable":true,"href":"https:\/\/filosofium.evelyne-weissenbach.at\/index.php?rest_route=%2Fwp%2Fv2%2Ftags&post=1667"}],"curies":[{"name":"wp","href":"https:\/\/api.w.org\/{rel}","templated":true}]}}