{"id":1723,"date":"2012-11-01T12:25:46","date_gmt":"2012-11-01T11:25:46","guid":{"rendered":"http:\/\/filosofium.wordpress.com\/?p=1723"},"modified":"2012-11-01T12:25:46","modified_gmt":"2012-11-01T11:25:46","slug":"herbstlaub","status":"publish","type":"post","link":"https:\/\/filosofium.evelyne-weissenbach.at\/?p=1723","title":{"rendered":"herbstumsp\u00fclt"},"content":{"rendered":"<p><a href=\"http:\/\/fotolintschi.twoday.net\/20121101\/\" target=\"_blank\" rel=\"noopener\"><img loading=\"lazy\" decoding=\"async\" class=\"aligncenter size-full wp-image-1724\" title=\"herbstlaub\" alt=\"herbstlaub\" src=\"http:\/\/filosofium.evelyne-weissenbach.at\/wp-content\/uploads\/2012\/11\/herbstlaub-510x390.jpg\" height=\"390\" width=\"510\" srcset=\"https:\/\/filosofium.evelyne-weissenbach.at\/wp-content\/uploads\/2012\/11\/herbstlaub-510x390.jpg 510w, https:\/\/filosofium.evelyne-weissenbach.at\/wp-content\/uploads\/2012\/11\/herbstlaub-510x390-300x229.jpg 300w\" sizes=\"auto, (max-width: 510px) 100vw, 510px\" \/><\/a><\/p>\n<p><font size=\"3\"><\/p>\n<p style=\"text-align:center;\">\nstaunenaugen<br \/>\nkindergro\u00df<br \/>\ngef\u00fcllt mit weinlaub<\/p>\n<p style=\"text-align:center;\">\nmein herz schl\u00e4gt sanft<br \/>\nim milden winde<br \/>\ndie tr\u00e4ne spiegelt<br \/>\nstilles gl\u00fcck <\/p>\n<p style=\"text-align:center;\">\ndie lippen summen<br \/>\ndas lied des sommers <\/p>\n<p style=\"text-align:center;\">\nmeine seele<br \/>\numsp\u00fclt ein herbstgedicht<\/p>\n<p><\/font><\/p>\n<p style=\"text-align:center;\">\n\u00a9 evelyne w.<\/p>\n<p>&nbsp;<\/p>\n<p><a href=\"http:\/\/lyriclove.podspot.de\/files\/herbstumspuelt2.mp3\" target=\"_blank\" rel=\"noopener\"><img decoding=\"async\" src=\"http:\/\/i274.photobucket.com\/albums\/jj272\/lin_tschi\/div\/wp\/hoerbutton.gif\" alt=\"lintschi liest herbstumspuelt\" \/><\/a><\/p>\n<p>&nbsp;<\/p>\n","protected":false},"excerpt":{"rendered":"<p>staunenaugen kindergro\u00df gef\u00fcllt mit weinlaub mein herz schl\u00e4gt sanft im milden winde die tr\u00e4ne spiegelt stilles gl\u00fcck die lippen summen das lied des sommers meine seele umsp\u00fclt ein herbstgedicht \u00a9 evelyne w. &nbsp; &nbsp;<\/p>\n","protected":false},"author":1,"featured_media":0,"comment_status":"open","ping_status":"open","sticky":false,"template":"","format":"standard","meta":{"jetpack_post_was_ever_published":false,"_jetpack_newsletter_access":"","_jetpack_dont_email_post_to_subs":false,"_jetpack_newsletter_tier_id":0,"_jetpack_memberships_contains_paywalled_content":false,"_jetpack_memberships_contains_paid_content":false,"footnotes":"","jetpack_publicize_message":"","jetpack_publicize_feature_enabled":true,"jetpack_social_post_already_shared":false,"jetpack_social_options":{"image_generator_settings":{"template":"highway","default_image_id":0,"font":"","enabled":false},"version":2}},"categories":[244,21,226,9,11],"tags":[70,91,346,133,152,168,220,527],"class_list":["post-1723","post","type-post","status-publish","format-standard","hentry","category-neue-heimatgedichte","category-poetische-gedichte-gedichte","category-fotos","category-gedichte-2","category-hortexte","tag-burgenland","tag-gedichte","tag-herbst","tag-lyrik","tag-neusiedlersee","tag-prosalyrik","tag-weinberg","tag-weinlaub"],"jetpack_publicize_connections":[],"jetpack_featured_media_url":"","jetpack_shortlink":"https:\/\/wp.me\/p3ZwSb-rN","jetpack_sharing_enabled":true,"jetpack_likes_enabled":true,"_links":{"self":[{"href":"https:\/\/filosofium.evelyne-weissenbach.at\/index.php?rest_route=\/wp\/v2\/posts\/1723","targetHints":{"allow":["GET"]}}],"collection":[{"href":"https:\/\/filosofium.evelyne-weissenbach.at\/index.php?rest_route=\/wp\/v2\/posts"}],"about":[{"href":"https:\/\/filosofium.evelyne-weissenbach.at\/index.php?rest_route=\/wp\/v2\/types\/post"}],"author":[{"embeddable":true,"href":"https:\/\/filosofium.evelyne-weissenbach.at\/index.php?rest_route=\/wp\/v2\/users\/1"}],"replies":[{"embeddable":true,"href":"https:\/\/filosofium.evelyne-weissenbach.at\/index.php?rest_route=%2Fwp%2Fv2%2Fcomments&post=1723"}],"version-history":[{"count":0,"href":"https:\/\/filosofium.evelyne-weissenbach.at\/index.php?rest_route=\/wp\/v2\/posts\/1723\/revisions"}],"wp:attachment":[{"href":"https:\/\/filosofium.evelyne-weissenbach.at\/index.php?rest_route=%2Fwp%2Fv2%2Fmedia&parent=1723"}],"wp:term":[{"taxonomy":"category","embeddable":true,"href":"https:\/\/filosofium.evelyne-weissenbach.at\/index.php?rest_route=%2Fwp%2Fv2%2Fcategories&post=1723"},{"taxonomy":"post_tag","embeddable":true,"href":"https:\/\/filosofium.evelyne-weissenbach.at\/index.php?rest_route=%2Fwp%2Fv2%2Ftags&post=1723"}],"curies":[{"name":"wp","href":"https:\/\/api.w.org\/{rel}","templated":true}]}}