{"id":1784,"date":"2012-12-02T00:01:42","date_gmt":"2012-12-01T23:01:42","guid":{"rendered":"http:\/\/filosofium.wordpress.com\/?p=793"},"modified":"2012-12-02T00:01:42","modified_gmt":"2012-12-01T23:01:42","slug":"1-advent-wieder-eroffnung-meines-weihnachtspodcasts-2","status":"publish","type":"post","link":"https:\/\/filosofium.evelyne-weissenbach.at\/?p=1784","title":{"rendered":"1. Advent &#8211; Wieder-Er\u00f6ffnung meines Weihnachts-PodCasts"},"content":{"rendered":"<p>&nbsp;<br \/>\n<font size=\"3\"><strong>LyricVoice Weihnachtslesungen <\/strong><\/font><\/p>\n<p><a href=\"http:\/\/weihnachtslesung.podspot.de\/\" target=\"_blank\" rel=\"noopener\"><img loading=\"lazy\" decoding=\"async\" src=\"http:\/\/www.evelyne-weissenbach.at\/wordpress\/xm_banner.jpg\" width=\"480\" height=\"202\" title=\"lyricvoice weihnachtslesungen\" alt=\"lyricvoice weihnachtslesungen\"><\/a><br \/>\n<font size=\"3\"><br \/>\nEin Advent ohne weihnachtliche Texte ist f\u00fcr mich wie ein Adventkranz ohne Kerzen.<br \/>\nSolche Lesungen bringen mir immer ganz besondere Stimmung und Freude.<\/p>\n<p>Deshalb habe ich vor einigen Jahren meinen Weihnachtslesungs-Podcast eingerichtet. Um aus dem virtuellen Raum Besinnung, Ruhe und wohliges Knistern in reale Wohnzimmer lesen zu k\u00f6nnen.<\/p>\n<p>Ich lese eigene und auch Texte von anderen Autoren, klassische oder mit Genehmigung. Gern erf\u00fclle ich auch W\u00fcnsche. Wenn jemand einen besonderen Text gelesen haben m\u00f6chte, dann bitte ich um eine kurze Nachricht.<\/p>\n<p>Ich w\u00fcnsche eine liebevolle Weihnachtszeit! &nbsp;&nbsp;&nbsp;<img decoding=\"async\" src=\"http:\/\/i274.photobucket.com\/albums\/jj272\/lin_tschi\/smilies\/xm-smilies\/smilie_xmas_045.gif\" alt=\"\" \/><br \/>\n<\/font><\/p>\n<p>&nbsp;<\/p>\n","protected":false},"excerpt":{"rendered":"<p>&nbsp; LyricVoice Weihnachtslesungen Ein Advent ohne weihnachtliche Texte ist f\u00fcr mich wie ein Adventkranz ohne Kerzen. Solche Lesungen bringen mir immer ganz besondere Stimmung und Freude. Deshalb habe ich vor einigen Jahren meinen Weihnachtslesungs-Podcast eingerichtet. Um aus dem virtuellen Raum Besinnung, Ruhe und wohliges Knistern in reale Wohnzimmer lesen zu k\u00f6nnen. Ich lese eigene und [&hellip;]<\/p>\n","protected":false},"author":1,"featured_media":0,"comment_status":"open","ping_status":"open","sticky":false,"template":"","format":"standard","meta":{"jetpack_post_was_ever_published":false,"_jetpack_newsletter_access":"","_jetpack_dont_email_post_to_subs":false,"_jetpack_newsletter_tier_id":0,"_jetpack_memberships_contains_paywalled_content":false,"_jetpack_memberships_contains_paid_content":false,"footnotes":"","jetpack_publicize_message":"","jetpack_publicize_feature_enabled":true,"jetpack_social_post_already_shared":false,"jetpack_social_options":{"image_generator_settings":{"template":"highway","default_image_id":0,"font":"","enabled":false},"version":2}},"categories":[241],"tags":[39,42,71,72,162,209,210,211,213,215,218],"class_list":["post-1784","post","type-post","status-publish","format-standard","hentry","category-weihnachten-und-neujahr","tag-advent","tag-adventlesung","tag-christkind","tag-christmas","tag-podcast","tag-weihnachten-2","tag-weihnachtsbuch","tag-weihnachtsgedicht","tag-weihnachtsgeschichte","tag-weihnachtslesung","tag-weihnachtstexte"],"jetpack_publicize_connections":[],"jetpack_featured_media_url":"","jetpack_shortlink":"https:\/\/wp.me\/p3ZwSb-sM","jetpack_sharing_enabled":true,"jetpack_likes_enabled":true,"_links":{"self":[{"href":"https:\/\/filosofium.evelyne-weissenbach.at\/index.php?rest_route=\/wp\/v2\/posts\/1784","targetHints":{"allow":["GET"]}}],"collection":[{"href":"https:\/\/filosofium.evelyne-weissenbach.at\/index.php?rest_route=\/wp\/v2\/posts"}],"about":[{"href":"https:\/\/filosofium.evelyne-weissenbach.at\/index.php?rest_route=\/wp\/v2\/types\/post"}],"author":[{"embeddable":true,"href":"https:\/\/filosofium.evelyne-weissenbach.at\/index.php?rest_route=\/wp\/v2\/users\/1"}],"replies":[{"embeddable":true,"href":"https:\/\/filosofium.evelyne-weissenbach.at\/index.php?rest_route=%2Fwp%2Fv2%2Fcomments&post=1784"}],"version-history":[{"count":0,"href":"https:\/\/filosofium.evelyne-weissenbach.at\/index.php?rest_route=\/wp\/v2\/posts\/1784\/revisions"}],"wp:attachment":[{"href":"https:\/\/filosofium.evelyne-weissenbach.at\/index.php?rest_route=%2Fwp%2Fv2%2Fmedia&parent=1784"}],"wp:term":[{"taxonomy":"category","embeddable":true,"href":"https:\/\/filosofium.evelyne-weissenbach.at\/index.php?rest_route=%2Fwp%2Fv2%2Fcategories&post=1784"},{"taxonomy":"post_tag","embeddable":true,"href":"https:\/\/filosofium.evelyne-weissenbach.at\/index.php?rest_route=%2Fwp%2Fv2%2Ftags&post=1784"}],"curies":[{"name":"wp","href":"https:\/\/api.w.org\/{rel}","templated":true}]}}