{"id":1788,"date":"2012-11-15T11:58:51","date_gmt":"2012-11-15T10:58:51","guid":{"rendered":"http:\/\/filosofium.wordpress.com\/?p=1788"},"modified":"2012-11-15T11:58:51","modified_gmt":"2012-11-15T10:58:51","slug":"der-name-der-tranen","status":"publish","type":"post","link":"https:\/\/filosofium.evelyne-weissenbach.at\/?p=1788","title":{"rendered":"der name der tr\u00e4nen"},"content":{"rendered":"<p>&nbsp;<\/p>\n<p style=\"width:400px;text-align:justify;\"><font size=\"3\"> sage es mir. sage es mir. immer wieder. nein, schreie es gegen den wind. damit er es an meine lippen st\u00fcrmt. lass einen namen aus der sonne fallen. einen namen. den du mir gibst. wenn dein schrei sich aus der tiefe bricht. gegen den wind. der salz in meine wunden treibt. die dieser augenblick verschlie\u00dft. wo tr\u00e4nen zwischen gl\u00fcck und leid nicht unterscheiden. <\/font><\/p>\n<p>\u00a9 evelyne w.<\/p>\n<p><a href=\"\/\/lyriclove.podspot.de\/files\/traenen.mp3\" target=\"_blank\"><img decoding=\"async\" src=\"http:\/\/i274.photobucket.com\/albums\/jj272\/lin_tschi\/div\/wp\/hoerbutton.gif\" alt=\"lintschi liest der name der traenen\" title=\"lintschi liest der name der traenen\" \/><\/a><\/p>\n<p>&nbsp;<\/p>\n","protected":false},"excerpt":{"rendered":"<p>&nbsp; sage es mir. sage es mir. immer wieder. nein, schreie es gegen den wind. damit er es an meine lippen st\u00fcrmt. lass einen namen aus der sonne fallen. einen namen. den du mir gibst. wenn dein schrei sich aus der tiefe bricht. gegen den wind. der salz in meine wunden treibt. die dieser augenblick [&hellip;]<\/p>\n","protected":false},"author":1,"featured_media":0,"comment_status":"open","ping_status":"open","sticky":false,"template":"","format":"standard","meta":{"jetpack_post_was_ever_published":false,"_jetpack_newsletter_access":"","_jetpack_dont_email_post_to_subs":false,"_jetpack_newsletter_tier_id":0,"_jetpack_memberships_contains_paywalled_content":false,"_jetpack_memberships_contains_paid_content":false,"footnotes":"","jetpack_publicize_message":"","jetpack_publicize_feature_enabled":true,"jetpack_social_post_already_shared":false,"jetpack_social_options":{"image_generator_settings":{"template":"highway","default_image_id":0,"font":"","enabled":false},"version":2}},"categories":[15,22,239,9],"tags":[307,91,128,129,131,133,163,168],"class_list":["post-1788","post","type-post","status-publish","format-standard","hentry","category-liebesgedichte-gedichte","category-prosalyrik-gedichte","category-umbruch-los","category-gedichte-2","tag-eros","tag-gedichte","tag-liebesgedichte","tag-liebeslyrik","tag-literatur","tag-lyrik","tag-poesie","tag-prosalyrik"],"jetpack_publicize_connections":[],"jetpack_featured_media_url":"","jetpack_shortlink":"https:\/\/wp.me\/p3ZwSb-sQ","jetpack_sharing_enabled":true,"jetpack_likes_enabled":true,"_links":{"self":[{"href":"https:\/\/filosofium.evelyne-weissenbach.at\/index.php?rest_route=\/wp\/v2\/posts\/1788","targetHints":{"allow":["GET"]}}],"collection":[{"href":"https:\/\/filosofium.evelyne-weissenbach.at\/index.php?rest_route=\/wp\/v2\/posts"}],"about":[{"href":"https:\/\/filosofium.evelyne-weissenbach.at\/index.php?rest_route=\/wp\/v2\/types\/post"}],"author":[{"embeddable":true,"href":"https:\/\/filosofium.evelyne-weissenbach.at\/index.php?rest_route=\/wp\/v2\/users\/1"}],"replies":[{"embeddable":true,"href":"https:\/\/filosofium.evelyne-weissenbach.at\/index.php?rest_route=%2Fwp%2Fv2%2Fcomments&post=1788"}],"version-history":[{"count":0,"href":"https:\/\/filosofium.evelyne-weissenbach.at\/index.php?rest_route=\/wp\/v2\/posts\/1788\/revisions"}],"wp:attachment":[{"href":"https:\/\/filosofium.evelyne-weissenbach.at\/index.php?rest_route=%2Fwp%2Fv2%2Fmedia&parent=1788"}],"wp:term":[{"taxonomy":"category","embeddable":true,"href":"https:\/\/filosofium.evelyne-weissenbach.at\/index.php?rest_route=%2Fwp%2Fv2%2Fcategories&post=1788"},{"taxonomy":"post_tag","embeddable":true,"href":"https:\/\/filosofium.evelyne-weissenbach.at\/index.php?rest_route=%2Fwp%2Fv2%2Ftags&post=1788"}],"curies":[{"name":"wp","href":"https:\/\/api.w.org\/{rel}","templated":true}]}}