{"id":193,"date":"2011-07-23T12:47:07","date_gmt":"2011-07-23T10:47:07","guid":{"rendered":"http:\/\/filosofium.wordpress.com\/?p=193"},"modified":"2011-07-23T12:47:07","modified_gmt":"2011-07-23T10:47:07","slug":"vermalt","status":"publish","type":"post","link":"https:\/\/filosofium.evelyne-weissenbach.at\/?p=193","title":{"rendered":"vermalt"},"content":{"rendered":"<p>&nbsp;<\/p>\n<p style=\"width:360px;text-align:justify;\"><font size=\"3\">sie malen in mein gesicht. auf meine augen ein blind. auf meinen mund ein stumm. versuchen den sch\u00e4del zu \u00f6ffnen. z\u00e4hfarbigen tod in mein gehirn zu gie\u00dfen. doch ich blitze ein gr\u00fcn und speie ein rot. male mein leben. und schlie\u00dfe die ausstellung.<\/font><\/p>\n<p>\u00a9 <em>by evelyne w.<\/em><\/p>\n<p>&nbsp;<\/p>\n","protected":false},"excerpt":{"rendered":"<p>&nbsp; sie malen in mein gesicht. auf meine augen ein blind. auf meinen mund ein stumm. versuchen den sch\u00e4del zu \u00f6ffnen. z\u00e4hfarbigen tod in mein gehirn zu gie\u00dfen. doch ich blitze ein gr\u00fcn und speie ein rot. male mein leben. und schlie\u00dfe die ausstellung. \u00a9 by evelyne w. &nbsp;<\/p>\n","protected":false},"author":2,"featured_media":0,"comment_status":"open","ping_status":"open","sticky":false,"template":"","format":"standard","meta":{"jetpack_post_was_ever_published":false,"_jetpack_newsletter_access":"","_jetpack_dont_email_post_to_subs":false,"_jetpack_newsletter_tier_id":0,"_jetpack_memberships_contains_paywalled_content":false,"_jetpack_memberships_contains_paid_content":false,"footnotes":"","jetpack_publicize_message":"","jetpack_publicize_feature_enabled":true,"jetpack_social_post_already_shared":false,"jetpack_social_options":{"image_generator_settings":{"template":"highway","default_image_id":0,"font":"","enabled":false},"version":2}},"categories":[22,239,9],"tags":[55,66,128,129,133,134,161,163,168,205,206],"class_list":["post-193","post","type-post","status-publish","format-standard","hentry","category-prosalyrik-gedichte","category-umbruch-los","category-gedichte-2","tag-ausstellung","tag-bilder","tag-liebesgedichte","tag-liebeslyrik","tag-lyrik","tag-malerei","tag-philosophie","tag-poesie","tag-prosalyrik","tag-vernissage","tag-verse"],"jetpack_publicize_connections":[],"jetpack_featured_media_url":"","jetpack_shortlink":"https:\/\/wp.me\/s3ZwSb-vermalt","jetpack_sharing_enabled":true,"jetpack_likes_enabled":true,"_links":{"self":[{"href":"https:\/\/filosofium.evelyne-weissenbach.at\/index.php?rest_route=\/wp\/v2\/posts\/193","targetHints":{"allow":["GET"]}}],"collection":[{"href":"https:\/\/filosofium.evelyne-weissenbach.at\/index.php?rest_route=\/wp\/v2\/posts"}],"about":[{"href":"https:\/\/filosofium.evelyne-weissenbach.at\/index.php?rest_route=\/wp\/v2\/types\/post"}],"author":[{"embeddable":true,"href":"https:\/\/filosofium.evelyne-weissenbach.at\/index.php?rest_route=\/wp\/v2\/users\/2"}],"replies":[{"embeddable":true,"href":"https:\/\/filosofium.evelyne-weissenbach.at\/index.php?rest_route=%2Fwp%2Fv2%2Fcomments&post=193"}],"version-history":[{"count":0,"href":"https:\/\/filosofium.evelyne-weissenbach.at\/index.php?rest_route=\/wp\/v2\/posts\/193\/revisions"}],"wp:attachment":[{"href":"https:\/\/filosofium.evelyne-weissenbach.at\/index.php?rest_route=%2Fwp%2Fv2%2Fmedia&parent=193"}],"wp:term":[{"taxonomy":"category","embeddable":true,"href":"https:\/\/filosofium.evelyne-weissenbach.at\/index.php?rest_route=%2Fwp%2Fv2%2Fcategories&post=193"},{"taxonomy":"post_tag","embeddable":true,"href":"https:\/\/filosofium.evelyne-weissenbach.at\/index.php?rest_route=%2Fwp%2Fv2%2Ftags&post=193"}],"curies":[{"name":"wp","href":"https:\/\/api.w.org\/{rel}","templated":true}]}}