{"id":1983,"date":"2012-12-09T13:05:34","date_gmt":"2012-12-09T12:05:34","guid":{"rendered":"http:\/\/filosofium.wordpress.com\/?p=1983"},"modified":"2012-12-09T13:05:34","modified_gmt":"2012-12-09T12:05:34","slug":"zweiter-advent-2","status":"publish","type":"post","link":"https:\/\/filosofium.evelyne-weissenbach.at\/?p=1983","title":{"rendered":"zweiter advent"},"content":{"rendered":"<p>&nbsp;<br \/>\n<font size=\"3\">an zwei dochten w\u00e4rmt sich. der tag<br \/>\nflackert zum. herzzweiklang<br \/>\nentz\u00fcndet. seelenfeuer<br \/>\nholt sich. aus dunklen n\u00e4chten<br \/>\nsternenglanz. f\u00fcr den weg in die<br \/>\nerwartung.<br \/>\n<\/font><\/p>\n<p>\u00a9 evelyne w.<\/p>\n<p><a href=\"http:\/\/weihnachtslesung.podspot.de\/post\/zweiter-advent-1\/\" target=\"_blank\" rel=\"noopener\"><img loading=\"lazy\" decoding=\"async\" src=\"http:\/\/www.evelyne-weissenbach.at\/wordpress\/lyvo_xm140x84.gif\" width=\"140\" height=\"84\" title=\"weihnachtspodcast\" alt=\"weihnachtspodcast\"><\/p>\n<p>&nbsp;<\/p>\n","protected":false},"excerpt":{"rendered":"<p>&nbsp; an zwei dochten w\u00e4rmt sich. der tag flackert zum. herzzweiklang entz\u00fcndet. seelenfeuer holt sich. aus dunklen n\u00e4chten sternenglanz. f\u00fcr den weg in die erwartung. \u00a9 evelyne w. &nbsp;<\/p>\n","protected":false},"author":1,"featured_media":0,"comment_status":"open","ping_status":"open","sticky":false,"template":"","format":"standard","meta":{"jetpack_post_was_ever_published":false,"_jetpack_newsletter_access":"","_jetpack_dont_email_post_to_subs":false,"_jetpack_newsletter_tier_id":0,"_jetpack_memberships_contains_paywalled_content":false,"_jetpack_memberships_contains_paid_content":false,"footnotes":"","jetpack_publicize_message":"","jetpack_publicize_feature_enabled":true,"jetpack_social_post_already_shared":false,"jetpack_social_options":{"image_generator_settings":{"template":"highway","default_image_id":0,"font":"","enabled":false},"version":2}},"categories":[242,9,11,241],"tags":[39,40,42,91,99,131,133,206,209,212,214,215,216,217,218,219],"class_list":["post-1983","post","type-post","status-publish","format-standard","hentry","category-weihnachtsgedichte-gedichte","category-gedichte-2","category-hortexte","category-weihnachten-und-neujahr","tag-advent","tag-adventgedichte","tag-adventlesung","tag-gedichte","tag-hortexte-2","tag-literatur","tag-lyrik","tag-verse","tag-weihnachten-2","tag-weihnachtsgedichte","tag-weihnachtsgeschichten","tag-weihnachtslesung","tag-weihnachtslyrik","tag-weihnachtspodcast","tag-weihnachtstexte","tag-weihnachtsverse"],"jetpack_publicize_connections":[],"jetpack_featured_media_url":"","jetpack_shortlink":"https:\/\/wp.me\/p3ZwSb-vZ","jetpack_sharing_enabled":true,"jetpack_likes_enabled":true,"_links":{"self":[{"href":"https:\/\/filosofium.evelyne-weissenbach.at\/index.php?rest_route=\/wp\/v2\/posts\/1983","targetHints":{"allow":["GET"]}}],"collection":[{"href":"https:\/\/filosofium.evelyne-weissenbach.at\/index.php?rest_route=\/wp\/v2\/posts"}],"about":[{"href":"https:\/\/filosofium.evelyne-weissenbach.at\/index.php?rest_route=\/wp\/v2\/types\/post"}],"author":[{"embeddable":true,"href":"https:\/\/filosofium.evelyne-weissenbach.at\/index.php?rest_route=\/wp\/v2\/users\/1"}],"replies":[{"embeddable":true,"href":"https:\/\/filosofium.evelyne-weissenbach.at\/index.php?rest_route=%2Fwp%2Fv2%2Fcomments&post=1983"}],"version-history":[{"count":0,"href":"https:\/\/filosofium.evelyne-weissenbach.at\/index.php?rest_route=\/wp\/v2\/posts\/1983\/revisions"}],"wp:attachment":[{"href":"https:\/\/filosofium.evelyne-weissenbach.at\/index.php?rest_route=%2Fwp%2Fv2%2Fmedia&parent=1983"}],"wp:term":[{"taxonomy":"category","embeddable":true,"href":"https:\/\/filosofium.evelyne-weissenbach.at\/index.php?rest_route=%2Fwp%2Fv2%2Fcategories&post=1983"},{"taxonomy":"post_tag","embeddable":true,"href":"https:\/\/filosofium.evelyne-weissenbach.at\/index.php?rest_route=%2Fwp%2Fv2%2Ftags&post=1983"}],"curies":[{"name":"wp","href":"https:\/\/api.w.org\/{rel}","templated":true}]}}