{"id":1989,"date":"2025-12-13T11:20:00","date_gmt":"2025-12-13T10:20:00","guid":{"rendered":"http:\/\/filosofium.wordpress.com\/?p=1989"},"modified":"2025-12-16T23:25:56","modified_gmt":"2025-12-16T22:25:56","slug":"weise-weihnachten","status":"publish","type":"post","link":"https:\/\/filosofium.evelyne-weissenbach.at\/?p=1989","title":{"rendered":"Wei\u00dfe Weihnachten?"},"content":{"rendered":"\n<p style=\"text-align:center\"><img decoding=\"async\" src=\"https:\/\/filosofium.evelyne-weissenbach.at\/wp-content\/uploads\/2025\/12\/snow-5949317_640.jpg\" width=\"600\" alt=\"schneemann\"><\/p>\n<p>&nbsp;<\/p>\n\n\n\n<p><span style=\"font-size: medium;\">Wei\u00dfe Weihnachten? Ich mag den Schnee nicht. Und ich wei\u00df auch nicht, was der Schnee mit Weihnachten zu tun haben soll. In Bethlehem gab es sicher keinen Schnee. Aber dieses Faktum geh\u00f6rt auf ein anderes Blatt. <\/span><\/p>\n\n\n\n<p><\/p>\n\n\n\n<p>Ich mag einfach den Schnee nicht. Mochte ihn schon als Kind nicht. Das liegt wahrscheinlich daran, weil ich andauernd fror. Als ich noch sehr klein war, hatte ich nicht einmal einen Mantel. Meine Mutter bekam von der Nachbarin eine Jacke geschenkt, weil sie auch keinen hatte. Sie war ihr viel zu gro\u00df und deshalb schnitt sie Teile heraus und machte f\u00fcr mich einen Umhang.<br><br>Winterschuhe kannte ich nicht. Ich hatte nur ein Paar. F\u00fcr alle Jahreszeiten. Das h\u00f6chste der Gef\u00fchle waren gestrickte Socken, aber dann passten mir die Schuhe nicht mehr. Besonders wenn ich sie schon jahrelang trug. Durch die L\u00f6cher in den Sohlen drang es immer nass herein. Manchmal waren meine Zehen so kalt, dass ich sie gar nicht mehr sp\u00fcrte. Dann allerdings machte mir meine Omi einen Ziegelstein hei\u00df, wickelte ihn in Zeitungspapier und legte ihn mir zu meinen F\u00fc\u00dfen ins Bett.<br><br>In den H\u00e4nden fror ich auch st\u00e4ndig. Ich hatte zwar F\u00e4ustlinge, die aus der Wolle gestrickt waren, die von einem aufgetrennten Pullover stammte, aber die waren keine gro\u00dfen W\u00e4rmespender. Und die Schnur, an der sie befestigt waren, kratzte am Hals und wurde auch immer rasch zu kurz und spannte dann unangenehm. Und bis dann wieder jemand Zeit hatte, sie zu verl\u00e4ngern &#8230;<br><br>Das Christkind jedenfalls hatte nie Zeit f\u00fcr mich. Gut, ich konnte noch nicht schreiben und ihm deshalb keinen Brief schicken, aber ich erz\u00e4hlte meinem Schutzengel jeden Abend vor dem Einschlafen von meinem Frieren und bat ihn, dem Christkind meine W\u00fcnsche nach ein bisschen W\u00e4rme auszurichten.<br>Aber, es hatte wohl zuviel damit zu tun, Briefe zu lesen.<br>Oder mein Schutzengel war nicht der richtige Bote. Er war anscheinend eher daf\u00fcr zust\u00e4ndig, meine Zehen vor dem Abfrieren zu sch\u00fctzen.\u00a0<\/p>\n\n\n\n<p>Und sehen lie\u00df es sich auch nie, das Christkind. Es brachte wieder gestrickte Socken und F\u00e4ustlinge und eine kratzige Haube und verschwand, bevor ich ihm meine zu kleinen Schuhe mit den L\u00f6chern zeigen konnte.<\/p>\n\n\n\n<p>Aber es brachte auch jedes Jahr einen Baum. \u00dcber den freute ich mich immer. Er war so lustig schief und die Glasscherben, die darauf hingen, glitzerten so sch\u00f6n, wenn die Kerzen angez\u00fcndet wurden. Und S\u00fc\u00dfigkeiten hingen auch drauf. Da halfen meine Omi und ich dem Christkind in der Vorweihnachtszeit. Wir schnitten in kleine Papierst\u00fccke Fransen und wickelten W\u00fcrfelzucker ein, banden einen Faden darum und das Christkind h\u00e4ngte sie dann auf den Baum. Wir sammelten schon das ganze Jahr buntes Papier daf\u00fcr. Und manchmal kaufte Omi ein St\u00fcck Kochschokolade und das teilten wir dann auch in kleine St\u00fccke und packten es ebenfalls in fransiges Papier.<\/p>\n\n\n\n<p>Im Gro\u00dfen und Ganzen freute ich mich auf Weihnachten. Ich hoffte immer, dass das Christkind doch einmal auch meine W\u00fcnsche erh\u00f6rte. Oder wenigstens den Schnee f\u00fcr sich behalten w\u00fcrde, damit ich nicht jeden Winter so fror.<\/p>\n\n\n\n<p>&nbsp;<\/p>\n<p>&nbsp;<\/p>\n\n\n\n<p>\u00a9 evelyne w.<\/p>\n\n\n\n<p><\/p>\n\n\n\n<p>&nbsp;<\/p>\n<p>&nbsp;<\/p>\n\n\n\n<p><\/p>\n","protected":false},"excerpt":{"rendered":"<p>&nbsp; Wei\u00dfe Weihnachten? Ich mag den Schnee nicht. Und ich wei\u00df auch nicht, was der Schnee mit Weihnachten zu tun haben soll. In Bethlehem gab es sicher keinen Schnee. Aber dieses Faktum geh\u00f6rt auf ein anderes Blatt. Ich mag einfach den Schnee nicht. Mochte ihn schon als Kind nicht. Das liegt wahrscheinlich daran, weil ich [&hellip;]<\/p>\n","protected":false},"author":1,"featured_media":0,"comment_status":"open","ping_status":"open","sticky":false,"template":"","format":"standard","meta":{"jetpack_post_was_ever_published":false,"_jetpack_newsletter_access":"","_jetpack_dont_email_post_to_subs":false,"_jetpack_newsletter_tier_id":0,"_jetpack_memberships_contains_paywalled_content":false,"_jetpack_memberships_contains_paid_content":false,"footnotes":"","jetpack_publicize_message":"","jetpack_publicize_feature_enabled":true,"jetpack_social_post_already_shared":true,"jetpack_social_options":{"image_generator_settings":{"template":"highway","default_image_id":0,"font":"","enabled":false},"version":2}},"categories":[241],"tags":[39,41,42,363,131,209,212,214,216,218,219,517],"class_list":["post-1989","post","type-post","status-publish","format-standard","hentry","category-weihnachten-und-neujahr","tag-advent","tag-adventgeschichte","tag-adventlesung","tag-kinderweihnacht","tag-literatur","tag-weihnachten-2","tag-weihnachtsgedichte","tag-weihnachtsgeschichten","tag-weihnachtslyrik","tag-weihnachtstexte","tag-weihnachtsverse","tag-weise-weihnacht"],"jetpack_publicize_connections":[],"jetpack_featured_media_url":"","jetpack_shortlink":"https:\/\/wp.me\/p3ZwSb-w5","jetpack_sharing_enabled":true,"jetpack_likes_enabled":true,"_links":{"self":[{"href":"https:\/\/filosofium.evelyne-weissenbach.at\/index.php?rest_route=\/wp\/v2\/posts\/1989","targetHints":{"allow":["GET"]}}],"collection":[{"href":"https:\/\/filosofium.evelyne-weissenbach.at\/index.php?rest_route=\/wp\/v2\/posts"}],"about":[{"href":"https:\/\/filosofium.evelyne-weissenbach.at\/index.php?rest_route=\/wp\/v2\/types\/post"}],"author":[{"embeddable":true,"href":"https:\/\/filosofium.evelyne-weissenbach.at\/index.php?rest_route=\/wp\/v2\/users\/1"}],"replies":[{"embeddable":true,"href":"https:\/\/filosofium.evelyne-weissenbach.at\/index.php?rest_route=%2Fwp%2Fv2%2Fcomments&post=1989"}],"version-history":[{"count":9,"href":"https:\/\/filosofium.evelyne-weissenbach.at\/index.php?rest_route=\/wp\/v2\/posts\/1989\/revisions"}],"predecessor-version":[{"id":9059,"href":"https:\/\/filosofium.evelyne-weissenbach.at\/index.php?rest_route=\/wp\/v2\/posts\/1989\/revisions\/9059"}],"wp:attachment":[{"href":"https:\/\/filosofium.evelyne-weissenbach.at\/index.php?rest_route=%2Fwp%2Fv2%2Fmedia&parent=1989"}],"wp:term":[{"taxonomy":"category","embeddable":true,"href":"https:\/\/filosofium.evelyne-weissenbach.at\/index.php?rest_route=%2Fwp%2Fv2%2Fcategories&post=1989"},{"taxonomy":"post_tag","embeddable":true,"href":"https:\/\/filosofium.evelyne-weissenbach.at\/index.php?rest_route=%2Fwp%2Fv2%2Ftags&post=1989"}],"curies":[{"name":"wp","href":"https:\/\/api.w.org\/{rel}","templated":true}]}}