{"id":1995,"date":"2012-12-14T16:13:27","date_gmt":"2012-12-14T15:13:27","guid":{"rendered":"http:\/\/filosofium.wordpress.com\/?p=1995"},"modified":"2012-12-14T16:13:27","modified_gmt":"2012-12-14T15:13:27","slug":"adventzauberisch","status":"publish","type":"post","link":"https:\/\/filosofium.evelyne-weissenbach.at\/?p=1995","title":{"rendered":"Adventzauberisch"},"content":{"rendered":"<p>&nbsp;<br \/>\n<font size=\"3\">Weihnachtsstimmungsvolle Tage liegen hinter mir. Nat\u00fcrlich genie\u00dfe ich es, vor gro\u00dfem Publikum zu lesen. Auch meine Weihnachtslesungen. Und ich konnte damit immer Andere und mich in Weihnachtsstimmung bringen. Aber kein Vergleich zu diesen wundersch\u00f6nen Lesungen im kleinen Rahmen, die ich seit einigen Jahren mache.<br \/>\nDa tritt man als Autor nicht einfach auf, signiert nach der Lesung ein paar B\u00fccher und die H\u00f6rer tauchen wieder in der Anonymit\u00e4t unter und ihre Weihnachtsgestimmtheit endet in der Garderobe. Und auch die eigene &#8230;<\/p>\n<p>Bei einer Wohnzimmerlesung nimmt man sich Zeit. Alle nehmen sich Zeit.<\/p>\n<p>Die GastgeberInnen bereiten etwas vor. Und bei allen meinen Lesungen haben sie sich viel M\u00fche gegeben. Wohnzimmer wurden geschm\u00fcckt und Tische wundersch\u00f6n gedeckt. Es wurden weihnachtliche Schmankerl, oft auch Selbstgebackenes serviert, Kaffee, Punsch oder Gl\u00fchwein bereitet.<\/p>\n<p>Ich nehme mir Zeit. Ich wei\u00df, so eine Zusammenkunft dauert meistens sehr lange. Zwei Lesungen an einem Tag, wie fr\u00fcher manchmal, w\u00e4ren niemals m\u00f6glich.<br \/>\nGenau dieses Zeitnehmen schreibe ich ja ganz gro\u00df auf mein Weihnachtsbanner. Zeit f\u00fcr Besinnung, Zeit f\u00fcr Menschen, das macht die Qualit\u00e4t einer richtig sch\u00f6nen Vorweihnachtszeit.<\/p>\n<p>Und die G\u00e4ste und H\u00f6rer nehmen sich Zeit.<br \/>\nBei meiner letzten Lesung sagte eine Dame so treffend: Wissen Sie, wir w\u00fcrden uns zu Hause nicht die Zeit nehmen. Uns hinsetzen, in einem Buch diese ber\u00fchrenden Texte lesen, ihnen inwendig nachlauschen und uns dar\u00fcber austauschen. Selbst wenn unsere Runde sich zu einem netten Adventplausch zusammengefunden h\u00e4tte, wir h\u00e4tten alles M\u00f6gliche aus unserem Alltag besprochen, wahrscheinlich \u00fcber unseren Stress in der Vorweihnachtszeit gehadert, einzig die Dekoration und die Hintergrundmusik w\u00e4ren anders gewesen als sonst.<br \/>\nAuf diese Weise aber haben wir einen vorweihnachtlichen Abend erlebt, wie seit Jahren nicht mehr.<br \/>\nWir haben wirklich innegehalten, in dem, was wir sonst immer tun &#8230;<\/p>\n<p>Genau aus diesem Grund mache ich diese Lesungen so gerne. Denn genauso geht es mir ja auch dabei.<\/p>\n<p>Und ich geh\u00f6re zu den gl\u00fccklichen Menschen, die sich alle Jahre wieder so richtig auf die Weihnachtszeit freuen k\u00f6nnen, weil es mir einerseits gelungen ist, den Weihnachtsstress aus meinem Leben fernzuhalten, indem ich alles, was mir pers\u00f6nlich nicht weihnachtlich erscheint, einfach nicht mitmache. Aber auch, weil ich nicht nur weihnachtliche Texte verfasse, sondern sie mir stimmungsvolle Zusammenk\u00fcnfte mit anderen Menschen bringen.<\/p>\n<p>Versucht es einmal! Ladet euch ein paar liebe Leute an und macht eine Lesung, bevor ihr euch dem guten Essen und Trinken hingebt. Wenn ihr keinen Autor an der Hand habt, dann versucht es einfach selbst. Ihr werdet sehen, wieviel Stimmung das bringt.<br \/>\nWenn ihr allerdings im S\u00fcdosten von \u00d6sterreich wohnt, k\u00f6nnt ihr gerne auch mich einladen. N\u00e4chstes Jahr &#8230; <\/font><br \/>\n<img decoding=\"async\" src=\"http:\/\/i274.photobucket.com\/albums\/jj272\/lin_tschi\/smilies\/xm-smilies\/xm_lintschi_liest.gif\" alt=\"xm-lintschi liest\" title=\"xm-lintschi liest\"><\/p>\n<p><img loading=\"lazy\" decoding=\"async\" src=\"http:\/\/filosofium.evelyne-weissenbach.at\/wp-content\/uploads\/2012\/12\/w_wohnzimmer.jpg\" alt=\"wohnzimmerlesungen\" width=\"510\" height=\"512\" class=\"aligncenter size-full wp-image-1996\" srcset=\"https:\/\/filosofium.evelyne-weissenbach.at\/wp-content\/uploads\/2012\/12\/w_wohnzimmer.jpg 510w, https:\/\/filosofium.evelyne-weissenbach.at\/wp-content\/uploads\/2012\/12\/w_wohnzimmer-150x150.jpg 150w, https:\/\/filosofium.evelyne-weissenbach.at\/wp-content\/uploads\/2012\/12\/w_wohnzimmer-298x300.jpg 298w\" sizes=\"auto, (max-width: 510px) 100vw, 510px\" \/><\/p>\n<p>&nbsp;<\/p>\n","protected":false},"excerpt":{"rendered":"<p>&nbsp; Weihnachtsstimmungsvolle Tage liegen hinter mir. Nat\u00fcrlich genie\u00dfe ich es, vor gro\u00dfem Publikum zu lesen. Auch meine Weihnachtslesungen. Und ich konnte damit immer Andere und mich in Weihnachtsstimmung bringen. Aber kein Vergleich zu diesen wundersch\u00f6nen Lesungen im kleinen Rahmen, die ich seit einigen Jahren mache. Da tritt man als Autor nicht einfach auf, signiert nach [&hellip;]<\/p>\n","protected":false},"author":1,"featured_media":0,"comment_status":"open","ping_status":"open","sticky":false,"template":"","format":"standard","meta":{"jetpack_post_was_ever_published":false,"_jetpack_newsletter_access":"","_jetpack_dont_email_post_to_subs":false,"_jetpack_newsletter_tier_id":0,"_jetpack_memberships_contains_paywalled_content":false,"_jetpack_memberships_contains_paid_content":false,"footnotes":"","jetpack_publicize_message":"","jetpack_publicize_feature_enabled":true,"jetpack_social_post_already_shared":false,"jetpack_social_options":{"image_generator_settings":{"template":"highway","default_image_id":0,"font":"","enabled":false},"version":2}},"categories":[27,241],"tags":[39,42,209,521,212,214,216,218],"class_list":["post-1995","post","type-post","status-publish","format-standard","hentry","category-veranstaltungen","category-weihnachten-und-neujahr","tag-advent","tag-adventlesung","tag-weihnachten-2","tag-weihnachtlesung","tag-weihnachtsgedichte","tag-weihnachtsgeschichten","tag-weihnachtslyrik","tag-weihnachtstexte"],"jetpack_publicize_connections":[],"jetpack_featured_media_url":"","jetpack_shortlink":"https:\/\/wp.me\/p3ZwSb-wb","jetpack_sharing_enabled":true,"jetpack_likes_enabled":true,"_links":{"self":[{"href":"https:\/\/filosofium.evelyne-weissenbach.at\/index.php?rest_route=\/wp\/v2\/posts\/1995","targetHints":{"allow":["GET"]}}],"collection":[{"href":"https:\/\/filosofium.evelyne-weissenbach.at\/index.php?rest_route=\/wp\/v2\/posts"}],"about":[{"href":"https:\/\/filosofium.evelyne-weissenbach.at\/index.php?rest_route=\/wp\/v2\/types\/post"}],"author":[{"embeddable":true,"href":"https:\/\/filosofium.evelyne-weissenbach.at\/index.php?rest_route=\/wp\/v2\/users\/1"}],"replies":[{"embeddable":true,"href":"https:\/\/filosofium.evelyne-weissenbach.at\/index.php?rest_route=%2Fwp%2Fv2%2Fcomments&post=1995"}],"version-history":[{"count":0,"href":"https:\/\/filosofium.evelyne-weissenbach.at\/index.php?rest_route=\/wp\/v2\/posts\/1995\/revisions"}],"wp:attachment":[{"href":"https:\/\/filosofium.evelyne-weissenbach.at\/index.php?rest_route=%2Fwp%2Fv2%2Fmedia&parent=1995"}],"wp:term":[{"taxonomy":"category","embeddable":true,"href":"https:\/\/filosofium.evelyne-weissenbach.at\/index.php?rest_route=%2Fwp%2Fv2%2Fcategories&post=1995"},{"taxonomy":"post_tag","embeddable":true,"href":"https:\/\/filosofium.evelyne-weissenbach.at\/index.php?rest_route=%2Fwp%2Fv2%2Ftags&post=1995"}],"curies":[{"name":"wp","href":"https:\/\/api.w.org\/{rel}","templated":true}]}}