{"id":2010,"date":"2012-12-16T14:21:20","date_gmt":"2012-12-16T13:21:20","guid":{"rendered":"http:\/\/filosofium.wordpress.com\/?p=2010"},"modified":"2012-12-16T14:21:20","modified_gmt":"2012-12-16T13:21:20","slug":"dritter-advent-2","status":"publish","type":"post","link":"https:\/\/filosofium.evelyne-weissenbach.at\/?p=2010","title":{"rendered":"dritter advent"},"content":{"rendered":"<p>&nbsp;<br \/>\n<font size=\"3\"> wenn die stille<br \/>\nnach mir greift<br \/>\nund ruhe<br \/>\nin mein herz breitet<\/p>\n<p>das kerzenlicht<br \/>\nmich sanft umf\u00e4ngt<br \/>\nund alle schatten<br \/>\naus mir sp\u00fclt<\/p>\n<p>aus deiner stimme<br \/>\nglockenkl\u00e4nge<br \/>\nnach mir rufen<\/p>\n<p>und dein blick<br \/>\nsterne<br \/>\nin meine augen malt<\/p>\n<p>dann<br \/>\nist das fest<br \/>\nder liebe<br \/>\nnicht mehr weit<\/p>\n<p><\/font><\/p>\n<p>\u00a9 evelyne w.<\/p>\n<p><a href=\"http:\/\/weihnachtslesung.podspot.de\/post\/dritter-advent-1\/\" target=\"_blank\" rel=\"noopener\"><img loading=\"lazy\" decoding=\"async\" src=\"http:\/\/www.evelyne-weissenbach.at\/wordpress\/lyvo_xm140x84.gif\" width=\"140\" height=\"84\" title=\"weihnachtspodcast\" alt=\"weihnachtspodcast\"><\/a><\/p>\n<p>&nbsp;<\/p>\n","protected":false},"excerpt":{"rendered":"<p>&nbsp; wenn die stille nach mir greift und ruhe in mein herz breitet das kerzenlicht mich sanft umf\u00e4ngt und alle schatten aus mir sp\u00fclt aus deiner stimme glockenkl\u00e4nge nach mir rufen und dein blick sterne in meine augen malt dann ist das fest der liebe nicht mehr weit \u00a9 evelyne w. &nbsp;<\/p>\n","protected":false},"author":1,"featured_media":0,"comment_status":"open","ping_status":"open","sticky":false,"template":"","format":"standard","meta":{"jetpack_post_was_ever_published":false,"_jetpack_newsletter_access":"","_jetpack_dont_email_post_to_subs":false,"_jetpack_newsletter_tier_id":0,"_jetpack_memberships_contains_paywalled_content":false,"_jetpack_memberships_contains_paid_content":false,"footnotes":"","jetpack_publicize_message":"","jetpack_publicize_feature_enabled":true,"jetpack_social_post_already_shared":false,"jetpack_social_options":{"image_generator_settings":{"template":"highway","default_image_id":0,"font":"","enabled":false},"version":2}},"categories":[242,9,11,241],"tags":[39,40,42,91,131,133,206,209,212,214,215,216,217,218,219],"class_list":["post-2010","post","type-post","status-publish","format-standard","hentry","category-weihnachtsgedichte-gedichte","category-gedichte-2","category-hortexte","category-weihnachten-und-neujahr","tag-advent","tag-adventgedichte","tag-adventlesung","tag-gedichte","tag-literatur","tag-lyrik","tag-verse","tag-weihnachten-2","tag-weihnachtsgedichte","tag-weihnachtsgeschichten","tag-weihnachtslesung","tag-weihnachtslyrik","tag-weihnachtspodcast","tag-weihnachtstexte","tag-weihnachtsverse"],"jetpack_publicize_connections":[],"jetpack_featured_media_url":"","jetpack_shortlink":"https:\/\/wp.me\/p3ZwSb-wq","jetpack_sharing_enabled":true,"jetpack_likes_enabled":true,"_links":{"self":[{"href":"https:\/\/filosofium.evelyne-weissenbach.at\/index.php?rest_route=\/wp\/v2\/posts\/2010","targetHints":{"allow":["GET"]}}],"collection":[{"href":"https:\/\/filosofium.evelyne-weissenbach.at\/index.php?rest_route=\/wp\/v2\/posts"}],"about":[{"href":"https:\/\/filosofium.evelyne-weissenbach.at\/index.php?rest_route=\/wp\/v2\/types\/post"}],"author":[{"embeddable":true,"href":"https:\/\/filosofium.evelyne-weissenbach.at\/index.php?rest_route=\/wp\/v2\/users\/1"}],"replies":[{"embeddable":true,"href":"https:\/\/filosofium.evelyne-weissenbach.at\/index.php?rest_route=%2Fwp%2Fv2%2Fcomments&post=2010"}],"version-history":[{"count":0,"href":"https:\/\/filosofium.evelyne-weissenbach.at\/index.php?rest_route=\/wp\/v2\/posts\/2010\/revisions"}],"wp:attachment":[{"href":"https:\/\/filosofium.evelyne-weissenbach.at\/index.php?rest_route=%2Fwp%2Fv2%2Fmedia&parent=2010"}],"wp:term":[{"taxonomy":"category","embeddable":true,"href":"https:\/\/filosofium.evelyne-weissenbach.at\/index.php?rest_route=%2Fwp%2Fv2%2Fcategories&post=2010"},{"taxonomy":"post_tag","embeddable":true,"href":"https:\/\/filosofium.evelyne-weissenbach.at\/index.php?rest_route=%2Fwp%2Fv2%2Ftags&post=2010"}],"curies":[{"name":"wp","href":"https:\/\/api.w.org\/{rel}","templated":true}]}}