{"id":2039,"date":"2012-12-24T01:50:51","date_gmt":"2012-12-24T00:50:51","guid":{"rendered":"http:\/\/filosofium.wordpress.com\/?p=2039"},"modified":"2012-12-24T01:50:51","modified_gmt":"2012-12-24T00:50:51","slug":"das-lacheln-der-weihnacht","status":"publish","type":"post","link":"https:\/\/filosofium.evelyne-weissenbach.at\/?p=2039","title":{"rendered":"das l\u00e4cheln der weihnacht"},"content":{"rendered":"<p>&nbsp;<br \/>\n<img loading=\"lazy\" decoding=\"async\" src=\"http:\/\/filosofium.evelyne-weissenbach.at\/wp-content\/uploads\/2012\/12\/xm_laecheln2.jpg\" alt=\"xm_laecheln2\" width=\"300\" height=\"400\" class=\"alignnone size-full wp-image-2041\" srcset=\"https:\/\/filosofium.evelyne-weissenbach.at\/wp-content\/uploads\/2012\/12\/xm_laecheln2.jpg 300w, https:\/\/filosofium.evelyne-weissenbach.at\/wp-content\/uploads\/2012\/12\/xm_laecheln2-225x300.jpg 225w\" sizes=\"auto, (max-width: 300px) 100vw, 300px\" \/><\/p>\n<p>&nbsp;<br \/>\n<font size=\"3\">wenn sterne fallen<br \/>\naus dunkler nacht<br \/>\num wege zu erleuchten<\/p>\n<p>und sich die w\u00e4rme<br \/>\nwei\u00df und weich<br \/>\n\u00fcber das land breitet<\/p>\n<p>wenn aus den glocken<br \/>\nder jubel l\u00e4utet<br \/>\nihn zu erh\u00f6ren<\/p>\n<p>und in den l\u00fcften<br \/>\ndie botschaft weht<br \/>\ndie uns befreit<\/p>\n<p>wenn sich der himmel \u00f6ffnet<br \/>\num uns zu zeigen<br \/>\ngottes angesicht<\/p>\n<p>dann hat das l\u00e4cheln<br \/>\nder weihnacht<br \/>\nuns erreicht<br \/>\n<\/font><\/p>\n<p>\u00a9 evelyne w.<\/p>\n<p><a href=\"http:\/\/weihnachtslesung.podspot.de\/post\/das-lacheln-der-weihnacht\/\" target=\"_blank\" rel=\"noopener\"><img loading=\"lazy\" decoding=\"async\" src=\"http:\/\/www.evelyne-weissenbach.at\/wordpress\/lyvo_xm140x84.gif\" width=\"140\" height=\"84\" title=\"weihnachtspodcast\" alt=\"weihnachtspodcast\"><\/a><\/p>\n<div style=\"text-align:center;\"><span style=\"font-size:medium;color:#003399;\"><strong>Sch\u00f6n, dass du heute noch hereinschaust!<br \/>\nMein Wunsch f\u00fcr dich:<br \/>\nL\u00e4chelnde Weihnachten! <\/strong><\/span><br \/>\n<img decoding=\"async\" alt=\"laechelnde weihnachten\" src=\"http:\/\/www.hs-verlage.at\/0\/xm\/xm_engel.gif\" \/><\/div>\n<p>&nbsp;<\/p>\n","protected":false},"excerpt":{"rendered":"<p>&nbsp; &nbsp; wenn sterne fallen aus dunkler nacht um wege zu erleuchten und sich die w\u00e4rme wei\u00df und weich \u00fcber das land breitet wenn aus den glocken der jubel l\u00e4utet ihn zu erh\u00f6ren und in den l\u00fcften die botschaft weht die uns befreit wenn sich der himmel \u00f6ffnet um uns zu zeigen gottes angesicht dann [&hellip;]<\/p>\n","protected":false},"author":1,"featured_media":0,"comment_status":"open","ping_status":"open","sticky":false,"template":"","format":"standard","meta":{"jetpack_post_was_ever_published":false,"_jetpack_newsletter_access":"","_jetpack_dont_email_post_to_subs":false,"_jetpack_newsletter_tier_id":0,"_jetpack_memberships_contains_paywalled_content":false,"_jetpack_memberships_contains_paid_content":false,"footnotes":"","jetpack_publicize_message":"","jetpack_publicize_feature_enabled":true,"jetpack_social_post_already_shared":false,"jetpack_social_options":{"image_generator_settings":{"template":"highway","default_image_id":0,"font":"","enabled":false},"version":2}},"categories":[242,9,11,241],"tags":[91,131,133,206,520,209,212,215,216,217,218,219],"class_list":["post-2039","post","type-post","status-publish","format-standard","hentry","category-weihnachtsgedichte-gedichte","category-gedichte-2","category-hortexte","category-weihnachten-und-neujahr","tag-gedichte","tag-literatur","tag-lyrik","tag-verse","tag-weihnacht","tag-weihnachten-2","tag-weihnachtsgedichte","tag-weihnachtslesung","tag-weihnachtslyrik","tag-weihnachtspodcast","tag-weihnachtstexte","tag-weihnachtsverse"],"jetpack_publicize_connections":[],"jetpack_featured_media_url":"","jetpack_shortlink":"https:\/\/wp.me\/p3ZwSb-wT","jetpack_sharing_enabled":true,"jetpack_likes_enabled":true,"_links":{"self":[{"href":"https:\/\/filosofium.evelyne-weissenbach.at\/index.php?rest_route=\/wp\/v2\/posts\/2039","targetHints":{"allow":["GET"]}}],"collection":[{"href":"https:\/\/filosofium.evelyne-weissenbach.at\/index.php?rest_route=\/wp\/v2\/posts"}],"about":[{"href":"https:\/\/filosofium.evelyne-weissenbach.at\/index.php?rest_route=\/wp\/v2\/types\/post"}],"author":[{"embeddable":true,"href":"https:\/\/filosofium.evelyne-weissenbach.at\/index.php?rest_route=\/wp\/v2\/users\/1"}],"replies":[{"embeddable":true,"href":"https:\/\/filosofium.evelyne-weissenbach.at\/index.php?rest_route=%2Fwp%2Fv2%2Fcomments&post=2039"}],"version-history":[{"count":1,"href":"https:\/\/filosofium.evelyne-weissenbach.at\/index.php?rest_route=\/wp\/v2\/posts\/2039\/revisions"}],"predecessor-version":[{"id":6910,"href":"https:\/\/filosofium.evelyne-weissenbach.at\/index.php?rest_route=\/wp\/v2\/posts\/2039\/revisions\/6910"}],"wp:attachment":[{"href":"https:\/\/filosofium.evelyne-weissenbach.at\/index.php?rest_route=%2Fwp%2Fv2%2Fmedia&parent=2039"}],"wp:term":[{"taxonomy":"category","embeddable":true,"href":"https:\/\/filosofium.evelyne-weissenbach.at\/index.php?rest_route=%2Fwp%2Fv2%2Fcategories&post=2039"},{"taxonomy":"post_tag","embeddable":true,"href":"https:\/\/filosofium.evelyne-weissenbach.at\/index.php?rest_route=%2Fwp%2Fv2%2Ftags&post=2039"}],"curies":[{"name":"wp","href":"https:\/\/api.w.org\/{rel}","templated":true}]}}