{"id":2066,"date":"2012-12-28T11:46:09","date_gmt":"2012-12-28T10:46:09","guid":{"rendered":"http:\/\/filosofium.wordpress.com\/?p=2066"},"modified":"2012-12-28T11:46:09","modified_gmt":"2012-12-28T10:46:09","slug":"am-ende-des-jahres","status":"publish","type":"post","link":"https:\/\/filosofium.evelyne-weissenbach.at\/?p=2066","title":{"rendered":"am ende des jahres"},"content":{"rendered":"<p>&nbsp;<br \/>\n<font size=\"3\">in diesen tagen<br \/>\nwenn das jahr versucht<br \/>\nsich seines alten kleides<br \/>\nzu entledigen<\/p>\n<p>hebe ich seine s\u00e4ume an<br \/>\nund reinige sie mit<br \/>\ndem herzen<\/p>\n<p>dann sch\u00fcttle ich<br \/>\ndie r\u00f6cke neu aus<br \/>\nstecke mir eine<br \/>\nrote blume ins knopfloch<\/p>\n<p>und freue mich<br \/>\ndass mir mein<br \/>\nselbstgeschneidertes kost\u00fcm<br \/>\nauch n\u00e4chstes jahr<br \/>\ngut passen wird<\/font><\/p>\n<p>\u00a9 evelyne w.<\/p>\n<p>&nbsp;<\/p>\n","protected":false},"excerpt":{"rendered":"<p>&nbsp; in diesen tagen wenn das jahr versucht sich seines alten kleides zu entledigen hebe ich seine s\u00e4ume an und reinige sie mit dem herzen dann sch\u00fcttle ich die r\u00f6cke neu aus stecke mir eine rote blume ins knopfloch und freue mich dass mir mein selbstgeschneidertes kost\u00fcm auch n\u00e4chstes jahr gut passen wird \u00a9 evelyne [&hellip;]<\/p>\n","protected":false},"author":1,"featured_media":0,"comment_status":"open","ping_status":"open","sticky":false,"template":"","format":"standard","meta":{"jetpack_post_was_ever_published":false,"_jetpack_newsletter_access":"","_jetpack_dont_email_post_to_subs":false,"_jetpack_newsletter_tier_id":0,"_jetpack_memberships_contains_paywalled_content":false,"_jetpack_memberships_contains_paid_content":false,"footnotes":"","jetpack_publicize_message":"","jetpack_publicize_feature_enabled":true,"jetpack_social_post_already_shared":false,"jetpack_social_options":{"image_generator_settings":{"template":"highway","default_image_id":0,"font":"","enabled":false},"version":2}},"categories":[9],"tags":[356,103,150,187,484],"class_list":["post-2066","post","type-post","status-publish","format-standard","hentry","category-gedichte-2","tag-jahresende","tag-jahreswechsel","tag-neujahr","tag-silvester","tag-sylvester"],"jetpack_publicize_connections":[],"jetpack_featured_media_url":"","jetpack_shortlink":"https:\/\/wp.me\/p3ZwSb-xk","jetpack_sharing_enabled":true,"jetpack_likes_enabled":true,"_links":{"self":[{"href":"https:\/\/filosofium.evelyne-weissenbach.at\/index.php?rest_route=\/wp\/v2\/posts\/2066","targetHints":{"allow":["GET"]}}],"collection":[{"href":"https:\/\/filosofium.evelyne-weissenbach.at\/index.php?rest_route=\/wp\/v2\/posts"}],"about":[{"href":"https:\/\/filosofium.evelyne-weissenbach.at\/index.php?rest_route=\/wp\/v2\/types\/post"}],"author":[{"embeddable":true,"href":"https:\/\/filosofium.evelyne-weissenbach.at\/index.php?rest_route=\/wp\/v2\/users\/1"}],"replies":[{"embeddable":true,"href":"https:\/\/filosofium.evelyne-weissenbach.at\/index.php?rest_route=%2Fwp%2Fv2%2Fcomments&post=2066"}],"version-history":[{"count":0,"href":"https:\/\/filosofium.evelyne-weissenbach.at\/index.php?rest_route=\/wp\/v2\/posts\/2066\/revisions"}],"wp:attachment":[{"href":"https:\/\/filosofium.evelyne-weissenbach.at\/index.php?rest_route=%2Fwp%2Fv2%2Fmedia&parent=2066"}],"wp:term":[{"taxonomy":"category","embeddable":true,"href":"https:\/\/filosofium.evelyne-weissenbach.at\/index.php?rest_route=%2Fwp%2Fv2%2Fcategories&post=2066"},{"taxonomy":"post_tag","embeddable":true,"href":"https:\/\/filosofium.evelyne-weissenbach.at\/index.php?rest_route=%2Fwp%2Fv2%2Ftags&post=2066"}],"curies":[{"name":"wp","href":"https:\/\/api.w.org\/{rel}","templated":true}]}}