{"id":2150,"date":"2013-01-18T13:37:29","date_gmt":"2013-01-18T12:37:29","guid":{"rendered":"http:\/\/filosofium.wordpress.com\/?p=2150"},"modified":"2013-01-18T13:37:29","modified_gmt":"2013-01-18T12:37:29","slug":"eins-sind-wir","status":"publish","type":"post","link":"https:\/\/filosofium.evelyne-weissenbach.at\/?p=2150","title":{"rendered":"eins sind wir"},"content":{"rendered":"<p>&nbsp;<br \/>\n<font size=\"3\">eins sind wir<br \/>\nin dieser stille<br \/>\nin der<br \/>\ndie worte fl\u00fcstern<br \/>\nnur von herz zu herz<\/p>\n<p>mein blick<br \/>\ndich taucht<br \/>\nin jugend<br \/>\nund in sch\u00f6nheit<\/p>\n<p>ich sp\u00fcre<br \/>\nfr\u00f6hlich willst du sein<br \/>\nwenn du dem kinde<br \/>\nhinterher l\u00e4ufst<\/p>\n<p>erreichst es nie<\/p>\n<p>dein leben driftet ab<br \/>\nstreut dich<br \/>\nin andere winde<\/p>\n<p>ich sammelte dich ein<\/p>\n<p>und nicht erst heute<br \/>\nund in dieser stille<\/font><\/p>\n<p>\u00a9 evelyne w.<\/p>\n<p>&nbsp;<\/p>\n","protected":false},"excerpt":{"rendered":"<p>&nbsp; eins sind wir in dieser stille in der die worte fl\u00fcstern nur von herz zu herz mein blick dich taucht in jugend und in sch\u00f6nheit ich sp\u00fcre fr\u00f6hlich willst du sein wenn du dem kinde hinterher l\u00e4ufst erreichst es nie dein leben driftet ab streut dich in andere winde ich sammelte dich ein und [&hellip;]<\/p>\n","protected":false},"author":1,"featured_media":0,"comment_status":"open","ping_status":"open","sticky":false,"template":"","format":"standard","meta":{"jetpack_post_was_ever_published":false,"_jetpack_newsletter_access":"","_jetpack_dont_email_post_to_subs":false,"_jetpack_newsletter_tier_id":0,"_jetpack_memberships_contains_paywalled_content":false,"_jetpack_memberships_contains_paid_content":false,"footnotes":"","jetpack_publicize_message":"","jetpack_publicize_feature_enabled":true,"jetpack_social_post_already_shared":false,"jetpack_social_options":{"image_generator_settings":{"template":"highway","default_image_id":0,"font":"","enabled":false},"version":2}},"categories":[238,9],"tags":[250,276,277,91,133,496,498,206],"class_list":["post-2150","post","type-post","status-publish","format-standard","hentry","category-traurigkeit-und-trauer","category-gedichte-2","tag-abschied","tag-begleitung","tag-beistand","tag-gedichte","tag-lyrik","tag-trauer","tag-traurigkeit","tag-verse"],"jetpack_publicize_connections":[],"jetpack_featured_media_url":"","jetpack_shortlink":"https:\/\/wp.me\/p3ZwSb-yG","jetpack_sharing_enabled":true,"jetpack_likes_enabled":true,"_links":{"self":[{"href":"https:\/\/filosofium.evelyne-weissenbach.at\/index.php?rest_route=\/wp\/v2\/posts\/2150","targetHints":{"allow":["GET"]}}],"collection":[{"href":"https:\/\/filosofium.evelyne-weissenbach.at\/index.php?rest_route=\/wp\/v2\/posts"}],"about":[{"href":"https:\/\/filosofium.evelyne-weissenbach.at\/index.php?rest_route=\/wp\/v2\/types\/post"}],"author":[{"embeddable":true,"href":"https:\/\/filosofium.evelyne-weissenbach.at\/index.php?rest_route=\/wp\/v2\/users\/1"}],"replies":[{"embeddable":true,"href":"https:\/\/filosofium.evelyne-weissenbach.at\/index.php?rest_route=%2Fwp%2Fv2%2Fcomments&post=2150"}],"version-history":[{"count":0,"href":"https:\/\/filosofium.evelyne-weissenbach.at\/index.php?rest_route=\/wp\/v2\/posts\/2150\/revisions"}],"wp:attachment":[{"href":"https:\/\/filosofium.evelyne-weissenbach.at\/index.php?rest_route=%2Fwp%2Fv2%2Fmedia&parent=2150"}],"wp:term":[{"taxonomy":"category","embeddable":true,"href":"https:\/\/filosofium.evelyne-weissenbach.at\/index.php?rest_route=%2Fwp%2Fv2%2Fcategories&post=2150"},{"taxonomy":"post_tag","embeddable":true,"href":"https:\/\/filosofium.evelyne-weissenbach.at\/index.php?rest_route=%2Fwp%2Fv2%2Ftags&post=2150"}],"curies":[{"name":"wp","href":"https:\/\/api.w.org\/{rel}","templated":true}]}}