{"id":2157,"date":"2013-01-21T11:23:08","date_gmt":"2013-01-21T10:23:08","guid":{"rendered":"http:\/\/filosofium.wordpress.com\/?p=2157"},"modified":"2013-01-21T11:23:08","modified_gmt":"2013-01-21T10:23:08","slug":"der-tag-danach","status":"publish","type":"post","link":"https:\/\/filosofium.evelyne-weissenbach.at\/?p=2157","title":{"rendered":"der tag danach"},"content":{"rendered":"<p>&nbsp;<br \/>\n<font size=\"3\">erwachen<br \/>\nund ein blick in mich<\/p>\n<p>da l\u00e4chelst du<\/p>\n<p>hast keine angst<br \/>\nund keine schmerzen<\/p>\n<p>die augen gro\u00df<br \/>\nund strahlend<br \/>\njung<br \/>\ndie dichten locken<br \/>\nin die stirn gezogen<\/p>\n<p>du hebst den arm<br \/>\nganz m\u00fchelos<br \/>\nund winkst mir zu<\/p>\n<p>ich habe<br \/>\ndeinen schlaf bewacht<br \/>\nsagst du<\/p>\n<p>ich strecke mich<br \/>\nund liebe es<br \/>\nwieder dein kind zu sein<\/font><\/p>\n<p>\u00a9 evelyne w.<\/p>\n<p>&nbsp;<\/p>\n","protected":false},"excerpt":{"rendered":"<p>&nbsp; erwachen und ein blick in mich da l\u00e4chelst du hast keine angst und keine schmerzen die augen gro\u00df und strahlend jung die dichten locken in die stirn gezogen du hebst den arm ganz m\u00fchelos und winkst mir zu ich habe deinen schlaf bewacht sagst du ich strecke mich und liebe es wieder dein kind [&hellip;]<\/p>\n","protected":false},"author":1,"featured_media":0,"comment_status":"open","ping_status":"open","sticky":false,"template":"","format":"standard","meta":{"jetpack_post_was_ever_published":false,"_jetpack_newsletter_access":"","_jetpack_dont_email_post_to_subs":false,"_jetpack_newsletter_tier_id":0,"_jetpack_memberships_contains_paywalled_content":false,"_jetpack_memberships_contains_paid_content":false,"footnotes":"","jetpack_publicize_message":"","jetpack_publicize_feature_enabled":true,"jetpack_social_post_already_shared":false,"jetpack_social_options":{"image_generator_settings":{"template":"highway","default_image_id":0,"font":"","enabled":false},"version":2}},"categories":[15,238,9],"tags":[250,276,277,91,133,496,498,206],"class_list":["post-2157","post","type-post","status-publish","format-standard","hentry","category-liebesgedichte-gedichte","category-traurigkeit-und-trauer","category-gedichte-2","tag-abschied","tag-begleitung","tag-beistand","tag-gedichte","tag-lyrik","tag-trauer","tag-traurigkeit","tag-verse"],"jetpack_publicize_connections":[],"jetpack_featured_media_url":"","jetpack_shortlink":"https:\/\/wp.me\/p3ZwSb-yN","jetpack_sharing_enabled":true,"jetpack_likes_enabled":true,"_links":{"self":[{"href":"https:\/\/filosofium.evelyne-weissenbach.at\/index.php?rest_route=\/wp\/v2\/posts\/2157","targetHints":{"allow":["GET"]}}],"collection":[{"href":"https:\/\/filosofium.evelyne-weissenbach.at\/index.php?rest_route=\/wp\/v2\/posts"}],"about":[{"href":"https:\/\/filosofium.evelyne-weissenbach.at\/index.php?rest_route=\/wp\/v2\/types\/post"}],"author":[{"embeddable":true,"href":"https:\/\/filosofium.evelyne-weissenbach.at\/index.php?rest_route=\/wp\/v2\/users\/1"}],"replies":[{"embeddable":true,"href":"https:\/\/filosofium.evelyne-weissenbach.at\/index.php?rest_route=%2Fwp%2Fv2%2Fcomments&post=2157"}],"version-history":[{"count":0,"href":"https:\/\/filosofium.evelyne-weissenbach.at\/index.php?rest_route=\/wp\/v2\/posts\/2157\/revisions"}],"wp:attachment":[{"href":"https:\/\/filosofium.evelyne-weissenbach.at\/index.php?rest_route=%2Fwp%2Fv2%2Fmedia&parent=2157"}],"wp:term":[{"taxonomy":"category","embeddable":true,"href":"https:\/\/filosofium.evelyne-weissenbach.at\/index.php?rest_route=%2Fwp%2Fv2%2Fcategories&post=2157"},{"taxonomy":"post_tag","embeddable":true,"href":"https:\/\/filosofium.evelyne-weissenbach.at\/index.php?rest_route=%2Fwp%2Fv2%2Ftags&post=2157"}],"curies":[{"name":"wp","href":"https:\/\/api.w.org\/{rel}","templated":true}]}}