{"id":228,"date":"2019-11-23T11:11:00","date_gmt":"2019-11-23T10:11:00","guid":{"rendered":"http:\/\/filosofium.wordpress.com\/?p=228"},"modified":"2019-11-23T11:23:40","modified_gmt":"2019-11-23T10:23:40","slug":"die-nackten-zahlen","status":"publish","type":"post","link":"https:\/\/filosofium.evelyne-weissenbach.at\/?p=228","title":{"rendered":"die nackten zahlen"},"content":{"rendered":"<p style=\"width: 350px; text-align: justify;\"><span style=\"font-size: medium;\">der tag neigt sich. unter seiner last. er schleppt die b\u00fcrde seines zorns. zynismus wirft ger\u00f6ll auf seinen weg. m\u00fcdigkeit torkelt durch seine adern. er starrt auf seine leeren h\u00e4nde. brot schimmelt in verschlossenen truhen. wasser verfault in geschliffenen karaffen. dagobert duck badet in seinem m\u00fcnzensee. voyeure des todes schaufeln gr\u00e4ber. bedienen die geilheit schau-lustiger. kein platz f\u00fcr nackte \u00fcberlebende.<br>erst wenn auch sie zu zahlentoten werden.<\/span><\/p>\n\n\n<p>&nbsp;<\/p>\n\u00a9 <span style=\"font-size:12px\">evelyne w. <\/span>\n<p>&nbsp;<\/p>\n","protected":false},"excerpt":{"rendered":"<p>der tag neigt sich. unter seiner last. er schleppt die b\u00fcrde seines zorns. zynismus wirft ger\u00f6ll auf seinen weg. m\u00fcdigkeit torkelt durch seine adern. er starrt auf seine leeren h\u00e4nde. brot schimmelt in verschlossenen truhen. wasser verfault in geschliffenen karaffen. dagobert duck badet in seinem m\u00fcnzensee. voyeure des todes schaufeln gr\u00e4ber. bedienen die geilheit schau-lustiger. [&hellip;]<\/p>\n","protected":false},"author":2,"featured_media":0,"comment_status":"open","ping_status":"open","sticky":false,"template":"","format":"standard","meta":{"jetpack_post_was_ever_published":false,"_jetpack_newsletter_access":"","_jetpack_dont_email_post_to_subs":false,"_jetpack_newsletter_tier_id":0,"_jetpack_memberships_contains_paywalled_content":false,"_jetpack_memberships_contains_paid_content":false,"footnotes":"","jetpack_publicize_message":"","jetpack_publicize_feature_enabled":true,"jetpack_social_post_already_shared":true,"jetpack_social_options":{"image_generator_settings":{"template":"highway","default_image_id":0,"font":"","enabled":false},"version":2}},"categories":[234,22,19],"tags":[43,63,64,91,102,112,133,139,161,168,169,188],"class_list":["post-228","post","type-post","status-publish","format-standard","hentry","category-kritisches","category-prosalyrik-gedichte","category-philosophische-gedanken","tag-afrika","tag-bericht","tag-bewusstmachung","tag-gedichte","tag-hungersnot","tag-kolumne","tag-lyrik","tag-menschenrechte","tag-philosophie","tag-prosalyrik","tag-psychologie","tag-somalia"],"jetpack_publicize_connections":[],"jetpack_featured_media_url":"","jetpack_shortlink":"https:\/\/wp.me\/p3ZwSb-3G","jetpack_sharing_enabled":true,"jetpack_likes_enabled":true,"_links":{"self":[{"href":"https:\/\/filosofium.evelyne-weissenbach.at\/index.php?rest_route=\/wp\/v2\/posts\/228","targetHints":{"allow":["GET"]}}],"collection":[{"href":"https:\/\/filosofium.evelyne-weissenbach.at\/index.php?rest_route=\/wp\/v2\/posts"}],"about":[{"href":"https:\/\/filosofium.evelyne-weissenbach.at\/index.php?rest_route=\/wp\/v2\/types\/post"}],"author":[{"embeddable":true,"href":"https:\/\/filosofium.evelyne-weissenbach.at\/index.php?rest_route=\/wp\/v2\/users\/2"}],"replies":[{"embeddable":true,"href":"https:\/\/filosofium.evelyne-weissenbach.at\/index.php?rest_route=%2Fwp%2Fv2%2Fcomments&post=228"}],"version-history":[{"count":11,"href":"https:\/\/filosofium.evelyne-weissenbach.at\/index.php?rest_route=\/wp\/v2\/posts\/228\/revisions"}],"predecessor-version":[{"id":5820,"href":"https:\/\/filosofium.evelyne-weissenbach.at\/index.php?rest_route=\/wp\/v2\/posts\/228\/revisions\/5820"}],"wp:attachment":[{"href":"https:\/\/filosofium.evelyne-weissenbach.at\/index.php?rest_route=%2Fwp%2Fv2%2Fmedia&parent=228"}],"wp:term":[{"taxonomy":"category","embeddable":true,"href":"https:\/\/filosofium.evelyne-weissenbach.at\/index.php?rest_route=%2Fwp%2Fv2%2Fcategories&post=228"},{"taxonomy":"post_tag","embeddable":true,"href":"https:\/\/filosofium.evelyne-weissenbach.at\/index.php?rest_route=%2Fwp%2Fv2%2Ftags&post=228"}],"curies":[{"name":"wp","href":"https:\/\/api.w.org\/{rel}","templated":true}]}}