{"id":2339,"date":"2013-02-17T10:49:18","date_gmt":"2013-02-17T09:49:18","guid":{"rendered":"http:\/\/filosofium.wordpress.com\/?p=2339"},"modified":"2013-02-17T10:49:18","modified_gmt":"2013-02-17T09:49:18","slug":"schonen-sonntag","status":"publish","type":"post","link":"https:\/\/filosofium.evelyne-weissenbach.at\/?p=2339","title":{"rendered":"sch\u00f6nen sonntag!"},"content":{"rendered":"<p><a href=\"http:\/\/filosofium.evelyne-weissenbach.at\/wp-content\/uploads\/2013\/02\/w0440_480x360.jpg\" data-rel=\"lightbox-gallery-hO05Ssuf\" data-rl_title=\"\" data-rl_caption=\"\" title=\"\"><img loading=\"lazy\" decoding=\"async\" src=\"http:\/\/filosofium.evelyne-weissenbach.at\/wp-content\/uploads\/2013\/02\/w0440_480x360.jpg\" alt=\"schneeweinberg\" width=\"480\" height=\"360\" class=\"alignnone size-full wp-image-2340\" srcset=\"https:\/\/filosofium.evelyne-weissenbach.at\/wp-content\/uploads\/2013\/02\/w0440_480x360.jpg 480w, https:\/\/filosofium.evelyne-weissenbach.at\/wp-content\/uploads\/2013\/02\/w0440_480x360-300x225.jpg 300w\" sizes=\"auto, (max-width: 480px) 100vw, 480px\" \/><\/a><br \/>\n&nbsp;<br \/>\n<font size=\"3\">ich liebe die stille<br \/>\ndie am sonntagmorgen<br \/>\ndurch die r\u00e4ume flutet<\/p>\n<p>erster kaffee<\/p>\n<p>mein blick umf\u00e4ngt die<br \/>\nweinberge vor dem fenster<br \/>\nheute schneewei\u00df<\/p>\n<p>die sonne versucht sich<br \/>\nund l\u00e4sst erahnen wie<br \/>\nder tag noch werden k\u00f6nnte<\/p>\n<p>ich wei\u00df wie er wird<br \/>\nwenn du erwachst<\/p>\n<p>zweiter kaffee<\/p>\n<p>und gl\u00fccklich<\/font><\/p>\n<p>\u00a9 evelyne w.<\/p>\n<p>&nbsp;<\/p>\n","protected":false},"excerpt":{"rendered":"<p>&nbsp; ich liebe die stille die am sonntagmorgen durch die r\u00e4ume flutet erster kaffee mein blick umf\u00e4ngt die weinberge vor dem fenster heute schneewei\u00df die sonne versucht sich und l\u00e4sst erahnen wie der tag noch werden k\u00f6nnte ich wei\u00df wie er wird wenn du erwachst zweiter kaffee und gl\u00fccklich \u00a9 evelyne w. &nbsp;<\/p>\n","protected":false},"author":1,"featured_media":0,"comment_status":"open","ping_status":"open","sticky":false,"template":"","format":"standard","meta":{"jetpack_post_was_ever_published":false,"_jetpack_newsletter_access":"","_jetpack_dont_email_post_to_subs":false,"_jetpack_newsletter_tier_id":0,"_jetpack_memberships_contains_paywalled_content":false,"_jetpack_memberships_contains_paid_content":false,"footnotes":"","jetpack_publicize_message":"","jetpack_publicize_feature_enabled":true,"jetpack_social_post_already_shared":false,"jetpack_social_options":{"image_generator_settings":{"template":"highway","default_image_id":0,"font":"","enabled":false},"version":2}},"categories":[15,9],"tags":[70,91,360,128,129,131,133,152,163,473,206,220],"class_list":["post-2339","post","type-post","status-publish","format-standard","hentry","category-liebesgedichte-gedichte","category-gedichte-2","tag-burgenland","tag-gedichte","tag-kaffee","tag-liebesgedichte","tag-liebeslyrik","tag-literatur","tag-lyrik","tag-neusiedlersee","tag-poesie","tag-sonntag","tag-verse","tag-weinberg"],"jetpack_publicize_connections":[],"jetpack_featured_media_url":"","jetpack_shortlink":"https:\/\/wp.me\/p3ZwSb-BJ","jetpack_sharing_enabled":true,"jetpack_likes_enabled":true,"_links":{"self":[{"href":"https:\/\/filosofium.evelyne-weissenbach.at\/index.php?rest_route=\/wp\/v2\/posts\/2339","targetHints":{"allow":["GET"]}}],"collection":[{"href":"https:\/\/filosofium.evelyne-weissenbach.at\/index.php?rest_route=\/wp\/v2\/posts"}],"about":[{"href":"https:\/\/filosofium.evelyne-weissenbach.at\/index.php?rest_route=\/wp\/v2\/types\/post"}],"author":[{"embeddable":true,"href":"https:\/\/filosofium.evelyne-weissenbach.at\/index.php?rest_route=\/wp\/v2\/users\/1"}],"replies":[{"embeddable":true,"href":"https:\/\/filosofium.evelyne-weissenbach.at\/index.php?rest_route=%2Fwp%2Fv2%2Fcomments&post=2339"}],"version-history":[{"count":0,"href":"https:\/\/filosofium.evelyne-weissenbach.at\/index.php?rest_route=\/wp\/v2\/posts\/2339\/revisions"}],"wp:attachment":[{"href":"https:\/\/filosofium.evelyne-weissenbach.at\/index.php?rest_route=%2Fwp%2Fv2%2Fmedia&parent=2339"}],"wp:term":[{"taxonomy":"category","embeddable":true,"href":"https:\/\/filosofium.evelyne-weissenbach.at\/index.php?rest_route=%2Fwp%2Fv2%2Fcategories&post=2339"},{"taxonomy":"post_tag","embeddable":true,"href":"https:\/\/filosofium.evelyne-weissenbach.at\/index.php?rest_route=%2Fwp%2Fv2%2Ftags&post=2339"}],"curies":[{"name":"wp","href":"https:\/\/api.w.org\/{rel}","templated":true}]}}