{"id":2405,"date":"2013-02-19T14:37:21","date_gmt":"2013-02-19T13:37:21","guid":{"rendered":"http:\/\/filosofium.wordpress.com\/?p=2405"},"modified":"2013-02-19T14:37:21","modified_gmt":"2013-02-19T13:37:21","slug":"die-schreibtischtater4","status":"publish","type":"post","link":"https:\/\/filosofium.evelyne-weissenbach.at\/?p=2405","title":{"rendered":"Die Schreibtischt\u00e4ter IV. &#8211; Im Namen der Gerechtigkeit"},"content":{"rendered":"<p style=\"text-align:right;\">\n<span style=\"font-size:medium;\"><em> Alle grausamen Menschen<br \/>\ntarnen sich als gerecht.<\/em> <\/span><br \/>\nTennessee Williams<\/p>\n<p><font size=\"3\"><strong>IV. Im Namen der Gerechtigkeit<\/strong><\/font><br \/>\n&nbsp;<\/p>\n<p><font size=\"3\">Dass es auf der Welt niemals Gerechtigkeit geben kann, ist wohl auch eine Tatsache, gegen die anzuk\u00e4mpfen einfach vergeudete Energie ist. Weil Menschen lediglich zur Selbstgerechtigkeit f\u00e4hig sind und diese keine allgemeing\u00fcltige Gerechtigkeit erzeugen kann. Nicht einmal Gott ist gerecht, wie ja von allen Religionsgegnern zur Gen\u00fcge proklamiert wird.<br \/>\nUnd warum? Weil Gerechtigkeit im Auge des Betrachters liegt.<\/p>\n<p>Deshalb kann man auch hier gleich erkennen, dass da irgendetwas nicht stimmen kann, wenn unter diesem Deckmantel Sanktionen gefordert werden. Dass da nur jemand seine eigene Gerechtigkeit durchsetzen will.<\/p>\n<p>Ich m\u00f6chte diesen Autoren nun keineswegs pauschal unterstellen, dass sie grunds\u00e4tzliche Aufwiegler sind. Leider ist es auch so, dass viele vor lauter Gerechtigkeitseifer gar nicht erkennen, dass sie Gift und Galle in die Welt spr\u00fchen, sich als R\u00e4cher der Schwachen und Geschundenen w\u00e4hnen und  dabei nichts anderes machen, als Schulterschlie\u00dfer zu suchen, um ihrer eigenen Angst nicht ausgeliefert zu sein.<br \/>\nUnd der Gro\u00dfteil &#8211; ist sowieso schlichtweg zu dumm, um aus eigenem Antrieb gef\u00e4hrlich sein zu k\u00f6nnen. Zu dumm, um andere Perspektiven einbeziehen zu k\u00f6nnen.<\/p>\n<p>Das \u00e4ndert jedoch nichts daran, dass sie keine Friedensstifter sind, als die sie sich gerne selbst darstellen, sondern Menschen, die das B\u00f6se in der Welt vermehren.<br \/>\nUnd dort liegt ihre enorme Gef\u00e4hrlichkeit. <\/font><\/p>\n<p>\u00a9 evelyne w.<\/p>\n<p>&nbsp;<\/p>\n","protected":false},"excerpt":{"rendered":"<p>Alle grausamen Menschen tarnen sich als gerecht. Tennessee Williams IV. Im Namen der Gerechtigkeit &nbsp; Dass es auf der Welt niemals Gerechtigkeit geben kann, ist wohl auch eine Tatsache, gegen die anzuk\u00e4mpfen einfach vergeudete Energie ist. Weil Menschen lediglich zur Selbstgerechtigkeit f\u00e4hig sind und diese keine allgemeing\u00fcltige Gerechtigkeit erzeugen kann. Nicht einmal Gott ist gerecht, [&hellip;]<\/p>\n","protected":false},"author":1,"featured_media":0,"comment_status":"open","ping_status":"open","sticky":false,"template":"","format":"standard","meta":{"jetpack_post_was_ever_published":false,"_jetpack_newsletter_access":"","_jetpack_dont_email_post_to_subs":false,"_jetpack_newsletter_tier_id":0,"_jetpack_memberships_contains_paywalled_content":false,"_jetpack_memberships_contains_paid_content":false,"footnotes":"","jetpack_publicize_message":"","jetpack_publicize_feature_enabled":true,"jetpack_social_post_already_shared":false,"jetpack_social_options":{"image_generator_settings":{"template":"highway","default_image_id":0,"font":"","enabled":false},"version":2}},"categories":[7,229,231,233],"tags":[64,65,86,343,161,169,170,443,181,461,59],"class_list":["post-2405","post","type-post","status-publish","format-standard","hentry","category-die-wichtigkeit-des-seins","category-gedanken-uber","category-humanitares","category-kolumne-2","tag-bewusstmachung","tag-bewusstsein","tag-faschismus","tag-hasspropaganda","tag-philosophie","tag-psychologie","tag-psychologisches-training","tag-rechtsradikal","tag-selbsterkenntnis","tag-selbstgerechtigkeit","tag-uberhebung"],"jetpack_publicize_connections":[],"jetpack_featured_media_url":"","jetpack_shortlink":"https:\/\/wp.me\/p3ZwSb-CN","jetpack_sharing_enabled":true,"jetpack_likes_enabled":true,"_links":{"self":[{"href":"https:\/\/filosofium.evelyne-weissenbach.at\/index.php?rest_route=\/wp\/v2\/posts\/2405","targetHints":{"allow":["GET"]}}],"collection":[{"href":"https:\/\/filosofium.evelyne-weissenbach.at\/index.php?rest_route=\/wp\/v2\/posts"}],"about":[{"href":"https:\/\/filosofium.evelyne-weissenbach.at\/index.php?rest_route=\/wp\/v2\/types\/post"}],"author":[{"embeddable":true,"href":"https:\/\/filosofium.evelyne-weissenbach.at\/index.php?rest_route=\/wp\/v2\/users\/1"}],"replies":[{"embeddable":true,"href":"https:\/\/filosofium.evelyne-weissenbach.at\/index.php?rest_route=%2Fwp%2Fv2%2Fcomments&post=2405"}],"version-history":[{"count":0,"href":"https:\/\/filosofium.evelyne-weissenbach.at\/index.php?rest_route=\/wp\/v2\/posts\/2405\/revisions"}],"wp:attachment":[{"href":"https:\/\/filosofium.evelyne-weissenbach.at\/index.php?rest_route=%2Fwp%2Fv2%2Fmedia&parent=2405"}],"wp:term":[{"taxonomy":"category","embeddable":true,"href":"https:\/\/filosofium.evelyne-weissenbach.at\/index.php?rest_route=%2Fwp%2Fv2%2Fcategories&post=2405"},{"taxonomy":"post_tag","embeddable":true,"href":"https:\/\/filosofium.evelyne-weissenbach.at\/index.php?rest_route=%2Fwp%2Fv2%2Ftags&post=2405"}],"curies":[{"name":"wp","href":"https:\/\/api.w.org\/{rel}","templated":true}]}}