{"id":2477,"date":"2013-02-28T11:03:42","date_gmt":"2013-02-28T10:03:42","guid":{"rendered":"http:\/\/filosofium.wordpress.com\/?p=2477"},"modified":"2013-02-28T11:03:42","modified_gmt":"2013-02-28T10:03:42","slug":"fruhlingslocken","status":"publish","type":"post","link":"https:\/\/filosofium.evelyne-weissenbach.at\/?p=2477","title":{"rendered":"fr\u00fchlingslocken"},"content":{"rendered":"<p>&nbsp;<br \/>\n<font size=\"3\">meine liebe<br \/>\nsamtet mich<br \/>\nsie weicht<br \/>\nund rosigt<br \/>\nbl\u00fctet<br \/>\ngl\u00e4nzt<br \/>\nsternt und<br \/>\nschmiegt<br \/>\nmich.<\/p>\n<p>sie fr\u00fchlingt<br \/>\nund sonnt<br \/>\nleuchtet<br \/>\nund gr\u00fcnt<br \/>\nsprudelt<br \/>\njubiliert<br \/>\ntanzt und<br \/>\nnackt<br \/>\nmich.<\/p>\n<p>und lockt.<br \/>\ndich. <\/font><\/p>\n<p>\u00a9 evelyne w.<\/p>\n<p>&nbsp;<\/p>\n","protected":false},"excerpt":{"rendered":"<p>&nbsp; meine liebe samtet mich sie weicht und rosigt bl\u00fctet gl\u00e4nzt sternt und schmiegt mich. sie fr\u00fchlingt und sonnt leuchtet und gr\u00fcnt sprudelt jubiliert tanzt und nackt mich. und lockt. dich. \u00a9 evelyne w. &nbsp;<\/p>\n","protected":false},"author":1,"featured_media":0,"comment_status":"open","ping_status":"open","sticky":false,"template":"","format":"standard","meta":{"jetpack_post_was_ever_published":false,"_jetpack_newsletter_access":"","_jetpack_dont_email_post_to_subs":false,"_jetpack_newsletter_tier_id":0,"_jetpack_memberships_contains_paywalled_content":false,"_jetpack_memberships_contains_paid_content":false,"footnotes":"","jetpack_publicize_message":"","jetpack_publicize_feature_enabled":true,"jetpack_social_post_already_shared":false,"jetpack_social_options":{"image_generator_settings":{"template":"highway","default_image_id":0,"font":"","enabled":false},"version":2}},"categories":[15,9],"tags":[89,91,386,128,129,133,163,168,472,206],"class_list":["post-2477","post","type-post","status-publish","format-standard","hentry","category-liebesgedichte-gedichte","category-gedichte-2","tag-fruhling","tag-gedichte","tag-lenz","tag-liebesgedichte","tag-liebeslyrik","tag-lyrik","tag-poesie","tag-prosalyrik","tag-sonnenschein","tag-verse"],"jetpack_publicize_connections":[],"jetpack_featured_media_url":"","jetpack_shortlink":"https:\/\/wp.me\/p3ZwSb-DX","jetpack_sharing_enabled":true,"jetpack_likes_enabled":true,"_links":{"self":[{"href":"https:\/\/filosofium.evelyne-weissenbach.at\/index.php?rest_route=\/wp\/v2\/posts\/2477","targetHints":{"allow":["GET"]}}],"collection":[{"href":"https:\/\/filosofium.evelyne-weissenbach.at\/index.php?rest_route=\/wp\/v2\/posts"}],"about":[{"href":"https:\/\/filosofium.evelyne-weissenbach.at\/index.php?rest_route=\/wp\/v2\/types\/post"}],"author":[{"embeddable":true,"href":"https:\/\/filosofium.evelyne-weissenbach.at\/index.php?rest_route=\/wp\/v2\/users\/1"}],"replies":[{"embeddable":true,"href":"https:\/\/filosofium.evelyne-weissenbach.at\/index.php?rest_route=%2Fwp%2Fv2%2Fcomments&post=2477"}],"version-history":[{"count":0,"href":"https:\/\/filosofium.evelyne-weissenbach.at\/index.php?rest_route=\/wp\/v2\/posts\/2477\/revisions"}],"wp:attachment":[{"href":"https:\/\/filosofium.evelyne-weissenbach.at\/index.php?rest_route=%2Fwp%2Fv2%2Fmedia&parent=2477"}],"wp:term":[{"taxonomy":"category","embeddable":true,"href":"https:\/\/filosofium.evelyne-weissenbach.at\/index.php?rest_route=%2Fwp%2Fv2%2Fcategories&post=2477"},{"taxonomy":"post_tag","embeddable":true,"href":"https:\/\/filosofium.evelyne-weissenbach.at\/index.php?rest_route=%2Fwp%2Fv2%2Ftags&post=2477"}],"curies":[{"name":"wp","href":"https:\/\/api.w.org\/{rel}","templated":true}]}}