{"id":2519,"date":"2013-03-05T10:59:35","date_gmt":"2013-03-05T09:59:35","guid":{"rendered":"http:\/\/filosofium.wordpress.com\/?p=2519"},"modified":"2013-03-05T10:59:35","modified_gmt":"2013-03-05T09:59:35","slug":"fur-immer-jung","status":"publish","type":"post","link":"https:\/\/filosofium.evelyne-weissenbach.at\/?p=2519","title":{"rendered":"f\u00fcr immer jung?"},"content":{"rendered":"<p>&nbsp;<br \/>\n<font size=\"3\">ich war so lang schon jung<br \/>\nund manchmal frage ich mich<br \/>\nwie k\u00f6nnte es sein w\u00e4r ich so alt<br \/>\nwie mich mein spiegelbild mir zeigt<\/p>\n<p>w\u00fcrde mein mund sich nicht erfreuen<br \/>\nan gen\u00fcssen die lange zeit zur reife brauchen<br \/>\nmein blick nicht aussichtspunkte finden<br \/>\ndie auf dem weg der jugend nicht zu sehen<\/p>\n<p>sind denn die sp\u00e4ten weine nicht die s\u00fc\u00dfesten<br \/>\nbl\u00fcten des herbstes so bunt wie nie zuvor im jahr<br \/>\nwird deine liebe nicht mit jedem tage sch\u00f6ner<br \/>\nund k\u00f6nnt deshalb entspannung meine wangen gl\u00e4tten<\/p>\n<p>ich war so lang schon jung<br \/>\nund manchmal sp\u00fcre ich<br \/>\ndie sehnsucht nach den ernten<br \/>\nder erfahrung die mir mein alter gibt<\/font><\/p>\n<p>\u00a9 evelyne w.<\/p>\n<p>&nbsp;<\/p>\n","protected":false},"excerpt":{"rendered":"<p>&nbsp; ich war so lang schon jung und manchmal frage ich mich wie k\u00f6nnte es sein w\u00e4r ich so alt wie mich mein spiegelbild mir zeigt w\u00fcrde mein mund sich nicht erfreuen an gen\u00fcssen die lange zeit zur reife brauchen mein blick nicht aussichtspunkte finden die auf dem weg der jugend nicht zu sehen sind [&hellip;]<\/p>\n","protected":false},"author":1,"featured_media":0,"comment_status":"open","ping_status":"open","sticky":false,"template":"","format":"standard","meta":{"jetpack_post_was_ever_published":false,"_jetpack_newsletter_access":"","_jetpack_dont_email_post_to_subs":false,"_jetpack_newsletter_tier_id":0,"_jetpack_memberships_contains_paywalled_content":false,"_jetpack_memberships_contains_paid_content":false,"footnotes":"","jetpack_publicize_message":"","jetpack_publicize_feature_enabled":true,"jetpack_social_post_already_shared":false,"jetpack_social_options":{"image_generator_settings":{"template":"highway","default_image_id":0,"font":"","enabled":false},"version":2}},"categories":[20,9],"tags":[46,272,65,91,359,131,133,161,450,451,181,184,206],"class_list":["post-2519","post","type-post","status-publish","format-standard","hentry","category-philosophische-gedichte-gedichte","category-gedichte-2","tag-alter","tag-alter-werden","tag-bewusstsein","tag-gedichte","tag-jugend","tag-literatur","tag-lyrik","tag-philosophie","tag-schonheitschirurgie","tag-schonheitswahn","tag-selbsterkenntnis","tag-selbstliebe","tag-verse"],"jetpack_publicize_connections":[],"jetpack_featured_media_url":"","jetpack_shortlink":"https:\/\/wp.me\/p3ZwSb-ED","jetpack_sharing_enabled":true,"jetpack_likes_enabled":true,"_links":{"self":[{"href":"https:\/\/filosofium.evelyne-weissenbach.at\/index.php?rest_route=\/wp\/v2\/posts\/2519","targetHints":{"allow":["GET"]}}],"collection":[{"href":"https:\/\/filosofium.evelyne-weissenbach.at\/index.php?rest_route=\/wp\/v2\/posts"}],"about":[{"href":"https:\/\/filosofium.evelyne-weissenbach.at\/index.php?rest_route=\/wp\/v2\/types\/post"}],"author":[{"embeddable":true,"href":"https:\/\/filosofium.evelyne-weissenbach.at\/index.php?rest_route=\/wp\/v2\/users\/1"}],"replies":[{"embeddable":true,"href":"https:\/\/filosofium.evelyne-weissenbach.at\/index.php?rest_route=%2Fwp%2Fv2%2Fcomments&post=2519"}],"version-history":[{"count":0,"href":"https:\/\/filosofium.evelyne-weissenbach.at\/index.php?rest_route=\/wp\/v2\/posts\/2519\/revisions"}],"wp:attachment":[{"href":"https:\/\/filosofium.evelyne-weissenbach.at\/index.php?rest_route=%2Fwp%2Fv2%2Fmedia&parent=2519"}],"wp:term":[{"taxonomy":"category","embeddable":true,"href":"https:\/\/filosofium.evelyne-weissenbach.at\/index.php?rest_route=%2Fwp%2Fv2%2Fcategories&post=2519"},{"taxonomy":"post_tag","embeddable":true,"href":"https:\/\/filosofium.evelyne-weissenbach.at\/index.php?rest_route=%2Fwp%2Fv2%2Ftags&post=2519"}],"curies":[{"name":"wp","href":"https:\/\/api.w.org\/{rel}","templated":true}]}}