{"id":2565,"date":"2013-03-18T11:09:25","date_gmt":"2013-03-18T10:09:25","guid":{"rendered":"http:\/\/filosofium.wordpress.com\/?p=2565"},"modified":"2013-03-18T11:09:25","modified_gmt":"2013-03-18T10:09:25","slug":"am-morgen-danach","status":"publish","type":"post","link":"https:\/\/filosofium.evelyne-weissenbach.at\/?p=2565","title":{"rendered":"frivolities &#8211; am morgen danach"},"content":{"rendered":"<p>&nbsp;<br \/>\n<font size=\"3\">erwachen ohne dich.<br \/>\nk\u00e4lte kriecht unter meine bettdecke und vor dem fenster stehen nebel.<br \/>\naus dem spiegel h\u00f6hnt mir ein graues gesicht entgegen. mit roten augen<br \/>\nund stumpfem wirrem haar.<br \/>\nund was ist das dort an der schl\u00e4fe? oh!<br \/>\nder kaffee sieht aus als ob er sich verkleidet hat.<br \/>\nund in der vase h\u00e4ngen lustlos ein paar rosen. <\/p>\n<p>endlich finde ich das zettelchen: bis abends! und drei kleine x-se. <\/p>\n<p>die rosen straffen augenblicklich ihre schultern und r\u00f6te schie\u00dft in ihre wangen.<br \/>\ndas graue haar vergoldet sich im glanze meiner augen<br \/>\nund in meinem w\u00e4scheschrank gibts einen schweren schlagabtausch. <\/p>\n<p>dort k\u00e4mpft der rote fummel mit den schwarzen lederdessous.<br \/>\nnein, nein! viel zu abgedroschen und ideenlos um dich darin zu erwarten.<br \/>\nwei\u00df? wei\u00dfe spitze. warum nicht? schlagobersgarnitur an nunmehr wieder pfirsichhaut.<br \/>\nnein, nein! zu zuckers\u00fc\u00df f\u00fcr die sch\u00e4rfe meines verlangens.<br \/>\ndie apfelgr\u00fcnen b\u00e4nder w\u00fcrgen den kleinen leoparden<br \/>\nund rote herzchen erh\u00e4ngen sich an glitzernden perlenschn\u00fcren.<\/p>\n<p>in diesem trubel werfen sich die dunkelblauen satinstrapse ihre str\u00fcmpfe mit den cremefarbenen spitzen um den hals, machen sich auf den weg zu ihrem h\u00f6schen<br \/>\nund den gl\u00e4nzenden k\u00f6rbchen und tuscheln:<br \/>\nkommt! macht euch bereit. sie wird <i>uns<\/i> nehmen.<\/p>\n<p>sie k\u00f6nnten recht behalten &#8230;<\/font><\/p>\n<p>\u00a9 evelyne w.<\/p>\n<p>&nbsp;<\/p>\n","protected":false},"excerpt":{"rendered":"<p>&nbsp; erwachen ohne dich. k\u00e4lte kriecht unter meine bettdecke und vor dem fenster stehen nebel. aus dem spiegel h\u00f6hnt mir ein graues gesicht entgegen. mit roten augen und stumpfem wirrem haar. und was ist das dort an der schl\u00e4fe? oh! der kaffee sieht aus als ob er sich verkleidet hat. und in der vase h\u00e4ngen [&hellip;]<\/p>\n","protected":false},"author":1,"featured_media":0,"comment_status":"open","ping_status":"open","sticky":false,"template":"","format":"standard","meta":{"jetpack_post_was_ever_published":false,"_jetpack_newsletter_access":"","_jetpack_dont_email_post_to_subs":false,"_jetpack_newsletter_tier_id":0,"_jetpack_memberships_contains_paywalled_content":false,"_jetpack_memberships_contains_paid_content":false,"footnotes":"","jetpack_publicize_message":"","jetpack_publicize_feature_enabled":true,"jetpack_social_post_already_shared":false,"jetpack_social_options":{"image_generator_settings":{"template":"highway","default_image_id":0,"font":"","enabled":false},"version":2}},"categories":[22,227],"tags":[294,307,328,91,128,129,131,133,163,168,444,482],"class_list":["post-2565","post","type-post","status-publish","format-standard","hentry","category-prosalyrik-gedichte","category-frivolities","tag-dessous","tag-eros","tag-frivoles","tag-gedichte","tag-liebesgedichte","tag-liebeslyrik","tag-literatur","tag-lyrik","tag-poesie","tag-prosalyrik","tag-reizwasche","tag-strapse"],"jetpack_publicize_connections":[],"jetpack_featured_media_url":"","jetpack_shortlink":"https:\/\/wp.me\/p3ZwSb-Fn","jetpack_sharing_enabled":true,"jetpack_likes_enabled":true,"_links":{"self":[{"href":"https:\/\/filosofium.evelyne-weissenbach.at\/index.php?rest_route=\/wp\/v2\/posts\/2565","targetHints":{"allow":["GET"]}}],"collection":[{"href":"https:\/\/filosofium.evelyne-weissenbach.at\/index.php?rest_route=\/wp\/v2\/posts"}],"about":[{"href":"https:\/\/filosofium.evelyne-weissenbach.at\/index.php?rest_route=\/wp\/v2\/types\/post"}],"author":[{"embeddable":true,"href":"https:\/\/filosofium.evelyne-weissenbach.at\/index.php?rest_route=\/wp\/v2\/users\/1"}],"replies":[{"embeddable":true,"href":"https:\/\/filosofium.evelyne-weissenbach.at\/index.php?rest_route=%2Fwp%2Fv2%2Fcomments&post=2565"}],"version-history":[{"count":0,"href":"https:\/\/filosofium.evelyne-weissenbach.at\/index.php?rest_route=\/wp\/v2\/posts\/2565\/revisions"}],"wp:attachment":[{"href":"https:\/\/filosofium.evelyne-weissenbach.at\/index.php?rest_route=%2Fwp%2Fv2%2Fmedia&parent=2565"}],"wp:term":[{"taxonomy":"category","embeddable":true,"href":"https:\/\/filosofium.evelyne-weissenbach.at\/index.php?rest_route=%2Fwp%2Fv2%2Fcategories&post=2565"},{"taxonomy":"post_tag","embeddable":true,"href":"https:\/\/filosofium.evelyne-weissenbach.at\/index.php?rest_route=%2Fwp%2Fv2%2Ftags&post=2565"}],"curies":[{"name":"wp","href":"https:\/\/api.w.org\/{rel}","templated":true}]}}