{"id":2578,"date":"2013-03-20T15:47:49","date_gmt":"2013-03-20T14:47:49","guid":{"rendered":"http:\/\/filosofium.wordpress.com\/?p=2578"},"modified":"2013-03-20T15:47:49","modified_gmt":"2013-03-20T14:47:49","slug":"er-kommt","status":"publish","type":"post","link":"https:\/\/filosofium.evelyne-weissenbach.at\/?p=2578","title":{"rendered":"er k\u00f6mmt!"},"content":{"rendered":"<p>&nbsp;<br \/>\n<font size=\"3\">er k\u00f6mmt! er k\u00f6mmt!<br \/>\nich kann ihn riechen<br \/>\nrieche den duft aufbrechender erde<br \/>\nh\u00f6re die s\u00e4fte rauschen in den \u00e4sten<br \/>\nsp\u00fcre der wurzeln fruchtbarkeitstanz<br \/>\nund sehe knospen zur entfaltung dr\u00e4ngen<\/p>\n<p>das lied der verhei\u00dfung singt<br \/>\nbeschw\u00f6rende bilder flutender \u00fcppigkeit<br \/>\ndie sich zum bad der seligkeit ergie\u00dfen<\/p>\n<p>er k\u00f6mmt! er k\u00f6mmt!<br \/>\ner ist schon da!<br \/>\ner klopft schon an die seelent\u00fcren<\/p>\n<p>der fr\u00fchling. <\/font><\/p>\n<p>\u00a9 evelyne w.<\/p>\n<p><a href=\"http:\/\/lyriclove.podspot.de\/post\/lylo-er-ist-schon-da\/\" title=\"ist er koemmt - audio\" target=\"_blank\" rel=\"noopener\"><img decoding=\"async\" src=\"http:\/\/i274.photobucket.com\/albums\/jj272\/lin_tschi\/div\/wp\/hoerbutton.gif\" alt=\"er koemmt - audio\" title=\"er koemmt - audio\" \/><\/a><\/p>\n<p>&nbsp;<\/p>\n","protected":false},"excerpt":{"rendered":"<p>&nbsp; er k\u00f6mmt! er k\u00f6mmt! ich kann ihn riechen rieche den duft aufbrechender erde h\u00f6re die s\u00e4fte rauschen in den \u00e4sten sp\u00fcre der wurzeln fruchtbarkeitstanz und sehe knospen zur entfaltung dr\u00e4ngen das lied der verhei\u00dfung singt beschw\u00f6rende bilder flutender \u00fcppigkeit die sich zum bad der seligkeit ergie\u00dfen er k\u00f6mmt! er k\u00f6mmt! er ist schon da! [&hellip;]<\/p>\n","protected":false},"author":1,"featured_media":0,"comment_status":"open","ping_status":"open","sticky":false,"template":"","format":"standard","meta":{"jetpack_post_was_ever_published":false,"_jetpack_newsletter_access":"","_jetpack_dont_email_post_to_subs":false,"_jetpack_newsletter_tier_id":0,"_jetpack_memberships_contains_paywalled_content":false,"_jetpack_memberships_contains_paid_content":false,"footnotes":"","jetpack_publicize_message":"","jetpack_publicize_feature_enabled":true,"jetpack_social_post_already_shared":false,"jetpack_social_options":{"image_generator_settings":{"template":"highway","default_image_id":0,"font":"","enabled":false},"version":2}},"categories":[21,22,9],"tags":[89,91,386,128,129,133,163,168,472,206],"class_list":["post-2578","post","type-post","status-publish","format-standard","hentry","category-poetische-gedichte-gedichte","category-prosalyrik-gedichte","category-gedichte-2","tag-fruhling","tag-gedichte","tag-lenz","tag-liebesgedichte","tag-liebeslyrik","tag-lyrik","tag-poesie","tag-prosalyrik","tag-sonnenschein","tag-verse"],"jetpack_publicize_connections":[],"jetpack_featured_media_url":"","jetpack_shortlink":"https:\/\/wp.me\/p3ZwSb-FA","jetpack_sharing_enabled":true,"jetpack_likes_enabled":true,"_links":{"self":[{"href":"https:\/\/filosofium.evelyne-weissenbach.at\/index.php?rest_route=\/wp\/v2\/posts\/2578","targetHints":{"allow":["GET"]}}],"collection":[{"href":"https:\/\/filosofium.evelyne-weissenbach.at\/index.php?rest_route=\/wp\/v2\/posts"}],"about":[{"href":"https:\/\/filosofium.evelyne-weissenbach.at\/index.php?rest_route=\/wp\/v2\/types\/post"}],"author":[{"embeddable":true,"href":"https:\/\/filosofium.evelyne-weissenbach.at\/index.php?rest_route=\/wp\/v2\/users\/1"}],"replies":[{"embeddable":true,"href":"https:\/\/filosofium.evelyne-weissenbach.at\/index.php?rest_route=%2Fwp%2Fv2%2Fcomments&post=2578"}],"version-history":[{"count":1,"href":"https:\/\/filosofium.evelyne-weissenbach.at\/index.php?rest_route=\/wp\/v2\/posts\/2578\/revisions"}],"predecessor-version":[{"id":5518,"href":"https:\/\/filosofium.evelyne-weissenbach.at\/index.php?rest_route=\/wp\/v2\/posts\/2578\/revisions\/5518"}],"wp:attachment":[{"href":"https:\/\/filosofium.evelyne-weissenbach.at\/index.php?rest_route=%2Fwp%2Fv2%2Fmedia&parent=2578"}],"wp:term":[{"taxonomy":"category","embeddable":true,"href":"https:\/\/filosofium.evelyne-weissenbach.at\/index.php?rest_route=%2Fwp%2Fv2%2Fcategories&post=2578"},{"taxonomy":"post_tag","embeddable":true,"href":"https:\/\/filosofium.evelyne-weissenbach.at\/index.php?rest_route=%2Fwp%2Fv2%2Ftags&post=2578"}],"curies":[{"name":"wp","href":"https:\/\/api.w.org\/{rel}","templated":true}]}}