{"id":2664,"date":"2013-04-16T13:40:06","date_gmt":"2013-04-16T11:40:06","guid":{"rendered":"http:\/\/filosofium.wordpress.com\/?p=2664"},"modified":"2013-04-16T13:40:06","modified_gmt":"2013-04-16T11:40:06","slug":"schubidu","status":"publish","type":"post","link":"https:\/\/filosofium.evelyne-weissenbach.at\/?p=2664","title":{"rendered":"schubidu"},"content":{"rendered":"<p>&nbsp;<br \/>\n<font size=\"3\">ich ziehe meine wolkenschuhe an<br \/>\nund laufe \u00fcber den himmel<br \/>\nsteppe damit auf eisbergen<br \/>\nein hei\u00dfes schubidu<\/p>\n<p>ziehe die samthandschuhe an<br \/>\nund fass mich bei den h\u00e4nden<br \/>\ntanz&#8216; ringelreihen um dein herz<br \/>\nschubidududu<\/p>\n<p>zuletzt setze ich die brille auf<br \/>\naus sonne und ich strahle<br \/>\nin dein buntes augentreiben<br \/>\nschubidudu dideldidei<\/font><\/p>\n<p>\u00a9 evelyne w.<\/p>\n<p>&nbsp;<\/p>\n","protected":false},"excerpt":{"rendered":"<p>&nbsp; ich ziehe meine wolkenschuhe an und laufe \u00fcber den himmel steppe damit auf eisbergen ein hei\u00dfes schubidu ziehe die samthandschuhe an und fass mich bei den h\u00e4nden tanz&#8216; ringelreihen um dein herz schubidududu zuletzt setze ich die brille auf aus sonne und ich strahle in dein buntes augentreiben schubidudu dideldidei \u00a9 evelyne w. &nbsp;<\/p>\n","protected":false},"author":1,"featured_media":0,"comment_status":"open","ping_status":"open","sticky":false,"template":"","format":"standard","meta":{"jetpack_post_was_ever_published":false,"_jetpack_newsletter_access":"","_jetpack_dont_email_post_to_subs":false,"_jetpack_newsletter_tier_id":0,"_jetpack_memberships_contains_paywalled_content":false,"_jetpack_memberships_contains_paid_content":false,"footnotes":"","jetpack_publicize_message":"","jetpack_publicize_feature_enabled":true,"jetpack_social_post_already_shared":false,"jetpack_social_options":{"image_generator_settings":{"template":"highway","default_image_id":0,"font":"","enabled":false},"version":2}},"categories":[15,9],"tags":[89,91,128,129,131,133,163,206],"class_list":["post-2664","post","type-post","status-publish","format-standard","hentry","category-liebesgedichte-gedichte","category-gedichte-2","tag-fruhling","tag-gedichte","tag-liebesgedichte","tag-liebeslyrik","tag-literatur","tag-lyrik","tag-poesie","tag-verse"],"jetpack_publicize_connections":[],"jetpack_featured_media_url":"","jetpack_shortlink":"https:\/\/wp.me\/s3ZwSb-schubidu","jetpack_sharing_enabled":true,"jetpack_likes_enabled":true,"_links":{"self":[{"href":"https:\/\/filosofium.evelyne-weissenbach.at\/index.php?rest_route=\/wp\/v2\/posts\/2664","targetHints":{"allow":["GET"]}}],"collection":[{"href":"https:\/\/filosofium.evelyne-weissenbach.at\/index.php?rest_route=\/wp\/v2\/posts"}],"about":[{"href":"https:\/\/filosofium.evelyne-weissenbach.at\/index.php?rest_route=\/wp\/v2\/types\/post"}],"author":[{"embeddable":true,"href":"https:\/\/filosofium.evelyne-weissenbach.at\/index.php?rest_route=\/wp\/v2\/users\/1"}],"replies":[{"embeddable":true,"href":"https:\/\/filosofium.evelyne-weissenbach.at\/index.php?rest_route=%2Fwp%2Fv2%2Fcomments&post=2664"}],"version-history":[{"count":0,"href":"https:\/\/filosofium.evelyne-weissenbach.at\/index.php?rest_route=\/wp\/v2\/posts\/2664\/revisions"}],"wp:attachment":[{"href":"https:\/\/filosofium.evelyne-weissenbach.at\/index.php?rest_route=%2Fwp%2Fv2%2Fmedia&parent=2664"}],"wp:term":[{"taxonomy":"category","embeddable":true,"href":"https:\/\/filosofium.evelyne-weissenbach.at\/index.php?rest_route=%2Fwp%2Fv2%2Fcategories&post=2664"},{"taxonomy":"post_tag","embeddable":true,"href":"https:\/\/filosofium.evelyne-weissenbach.at\/index.php?rest_route=%2Fwp%2Fv2%2Ftags&post=2664"}],"curies":[{"name":"wp","href":"https:\/\/api.w.org\/{rel}","templated":true}]}}