{"id":2777,"date":"2013-05-21T16:08:47","date_gmt":"2013-05-21T14:08:47","guid":{"rendered":"http:\/\/filosofium.wordpress.com\/?p=2777"},"modified":"2013-05-21T16:08:47","modified_gmt":"2013-05-21T14:08:47","slug":"gedanken-uber-manipulation-und-propaganda","status":"publish","type":"post","link":"https:\/\/filosofium.evelyne-weissenbach.at\/?p=2777","title":{"rendered":"Gedanken \u00fcber Manipulation und Propaganda"},"content":{"rendered":"<p>&nbsp;<br \/>\n<font size=\"3\">Die Vorf\u00e4lle und Reaktionen der letzten Tage haben mich dazu veranlasst, meine Gedanken \u00fcber Manipulation und Propaganda etwas leidenschaftsloser zusammen zu fassen.<br \/>\nEin Artikel wie <a href=\"http:\/\/filosofium.wordpress.com\/2013\/05\/20\/gehirnamputiert\/\" target=\"_blank\" rel=\"noopener\">&#8222;gehirnamputiert&#8220;<\/a> kann nat\u00fcrlich sehr polemisch und plakativ angesehen werden. Und war es sicher auch.<br \/>\nIch habe mich aufgeregt \u2026<\/p>\n<p>Aber gerade durch diese Aufregung kam vielleicht der Hintergrund gar nicht so zum Vorschein, worum es mir geht. Und was dieser Fall in seiner Medienpr\u00e4senz eigentlich in mir ausgel\u00f6st hat. In welches T\u00f6pfchen er bei mir gefallen ist.<\/p>\n<p>Es ging in den Konfrontationen noch immer viel zu viel um Frau Jolie, die aber in meinen Augen auch nur ein Werkzeug ist.<br \/>\nDas Problem war und ist aber doch, dass es mit der Beschreibung ihrer Pers\u00f6nlichkeit zusammenh\u00e4ngen musste, um zu erkl\u00e4ren, wie krass mir der Fall erscheint. Weil der Psychosomatik damit T\u00fcr und Tor ge\u00f6ffnet wurde. Genauso, wie die Konzentration auf den Brustkrebs ja nur ein einseitiges Bild zeichnen konnte. Der betroffene Frauen nat\u00fcrlich sofort auf die Barrikaden rief, weil sie meinten, ich w\u00fcrde der Krankheit zu wenig Bedeutung beimessen. Ich w\u00fcrde mich gegen die Frauen wenden.<br \/>\nNein, nein, es geht mir um Manipulation und Propaganda, die durch diesen Fall wieder einmal die Masken fallen lie\u00dfen. F\u00fcr mich \u2026<\/p>\n<p>* * * * *<\/p>\n<p>Ich gehe davon aus, dass die westliche Welt an und f\u00fcr sich eine Manipulationsgesellschaft ist. Dass der individuelle Anteil so gering wie m\u00f6glich gehalten wird, um die Massen dorthin dirigieren zu k\u00f6nnen, wo man sie haben will.<\/p>\n<p>Mein Zugang ist ein anderer. Ich komme von der Individualpsychologie. Sie hat mir das Leben gerettet \u2026<\/p>\n<p>In unserer Gesellschaft wird dem Einwirken von au\u00dfen weitaus gr\u00f6\u00dferer Raum gegeben als dem Wirken des Einzelnen in sich selbst.<br \/>\nDeshalb werden ihm gewisse Regeln f\u00fcr seinen K\u00f6rper vorgesetzt &#8211; weil dieser ja als real angesehen wird und vergleichbar scheint &#8211; die deshalb als allgemeing\u00fcltig auf kollektiv unbewusster Ebene in die Menschen abgesenkt werden.<br \/>\nD.h. es wird ein Bild der \u00d6ffentlichkeit geschaffen, dem sich der Einzelne fast nicht entziehen kann, weil er die vielen Bereiche nicht gesondert hinterfragen kann.<\/p>\n<p>Der Mensch sucht sich also eine Handvoll Bereiche heraus, wo er versucht, entweder mitzugehen oder zu opponieren. Aber \u00fcber das kollektive Unbewusste, das er auf diese Weise nicht abwehren kann, werden immer wieder Vorg\u00e4nge in ihm abgespeichert.<br \/>\nUnd das oft auf Umwegen.<\/p>\n<p>Der einzige Schutz:<br \/>\nDer Mensch muss sein Selbstbewusstein \u00fcber das Selbstgef\u00fchl st\u00e4rken und nicht \u00fcber die Informationen der Au\u00dfenwelt.<\/p>\n<p>Wenn wir die Augen aufmachen, sehen wir sofort, dass dies absolut nicht so l\u00e4uft, sondern total kontr\u00e4r. Die Menschen suchen Schutz in vermeintlicher Gleichgesinnung. Doch diese Gleichgesinnung wird manipuliert. Weil die Gesellschaft dadurch zu einem homogenen Objekt wird, das man nat\u00fcrlich wesentlich leichter lenken kann, als viele, viele Einzelobjekte.<\/p>\n<p>Das ist mein Ausgangspunkt.<br \/>\nOder einer. Denn der andere ist nat\u00fcrlich mein Informationsstand \u00fcber Psychologie, der wahrscheinlich \u00fcberdurchschnittlich ist.<br \/>\nIm Prinzip geh\u00f6ren die beiden aber zusammen, weil sich aus der psychologischen Grundlage des Menschen diese ganzen Strukturen ergeben. Man muss also die Unzahl an pers\u00f6nlichen Strukturen auf einen einzigen Punkt bringen, wo alle Menschen ansprechbar und lenkbar sind.<\/p>\n<p>Denn je sicherer sich ein Mensch in sich selbst f\u00fchlt, desto weniger ist er von au\u00dfen beeinflussbar.<br \/>\nNun sind wir aber alle nicht von allein selbstsicher. Jeder erleidet auf dem Weg zu seiner Individuation Verletzungen. Manche mehr, manche weniger, manche ganz schwere, manche nur leichte, manchen werden sie bewusst zugef\u00fcgt, den meisten unbewusst.<\/p>\n<p>Diese Verletzungen erzeugen in dem Menschen Angst. Ganz klar.<br \/>\nEr versucht sich davor zu sch\u00fctzen. \u00dcblicherweise mit Fokus auf Bereiche, die ihm sicher erscheinen. Andere werden ausgeblendet.<br \/>\nAber eben nur ausgeblendet. In seinem Inneren sind sie vorhanden und vollf\u00fchren auf unbewusster Ebene ihr Werk. Ambivalenzen zum Bewusstsein sind die Folge, diese f\u00fchren zu Neurosen. Die Neurose sucht sich einen Ausdruck. Manchmal in psychischen St\u00f6rungen, oftmals in k\u00f6rperlichen Krankheiten.<\/p>\n<p>Der unbewusste Anteil eines Menschen ist um ein Vielfaches gr\u00f6\u00dfer als sein bewusster. Das ist auch zu seinem Schutz. Denn w\u00e4re das nicht so, m\u00fcsste er ja verr\u00fcckt werden. Wenn er alles bewusst wahrnehmen m\u00fcsste!<br \/>\nSeinen unbewussten Anteil erreicht der Mensch aber nur \u00fcber sein Gef\u00fchl. Eh klar, wenn etwas im Gehirn denkf\u00e4hig wird, ist es nicht mehr unbewusst \u2026<\/p>\n<p>Wenn nun die Angst vor dem Gef\u00fchl liegt, mit welchem der Mensch auf seine unbewussten Anteile zugreifen k\u00f6nnte, dann ist eigentlich irgendwie logisch, was dann passiert. Er muss seine Handlungen aus seinem Bewusstsein n\u00e4hren.<\/p>\n<p>Da also jeder Mensch Angst anerzogen bekommen hat, ist sie der gro\u00dfe gemeinsame Nenner!<\/p>\n<p>Und auch wenn die \u00c4ngste ganz unterschiedlicher Art sind, so kann man jeden \u00fcber die Angst erreichen.<\/p>\n<p>Deshalb wird von den Machthabern die Angst gesch\u00fcrt. In so vielen Bereichen wie nur m\u00f6glich. Und zwar auf eine sehr subtile Weise. Es werden bewusste, logisch erscheinende Vorg\u00e4nge propagiert, in deren Inhalt jedoch die Angst machenden Botschaften nahezu unsichtbar versteckt sind.<br \/>\nDa es so viele unterschiedliche \u00c4ngste sind, pickt sich der Einzelne nur diejenigen heraus, von denen ihm sein Bewusstsein vorgibt, dass sie ihn selbst betreffen. Und sucht daf\u00fcr den Schulterschluss zu Anderen, die die eigenen \u00c4ngste teilen.<br \/>\nUnd seltsamerweise so gut wie nie Jene, die diese Angst <em>nicht<\/em> teilen, obwohl diese ja eigentlich etwas wissen k\u00f6nnten, das diese \u00c4ngste vertreibt oder nicht aufkommen l\u00e4sst, oder wie man mit ihnen umgehen k\u00f6nnte. Denn die st\u00f6ren das Gef\u00fchl der Sicherheit.<\/p>\n<p>In unserer Gesellschaft geht alles um Wirtschaft und Konsum. Dort liegt die wahre Macht. Medien und Politik sind willige Handlanger, weil sie sich dadurch wieder selbst vorgaukeln k\u00f6nnen, dass SIE die Macht haben. Und \u00fcber diese Schiene wird vorgegaukelt, dass in der Masse die Sicherheit liegt. (Ich empfehle Elias Canetti: Masse und Macht).<\/p>\n<p><strong>Doch in der Masse liegt absolut keine Sicherheit!<br \/>\nWeil dort der Einzelne nichts Wert ist und deshalb dem Gesamten jederzeit geopfert wird, ohne auch nur einen Gedanken an ihn zu verschwenden.<\/strong><\/p>\n<p>Und all das habe ich in diesem Fall so brutal vor Augen gef\u00fchrt bekommen. Und bin schwer ersch\u00fcttert, weil ich merke, wie wenige Menschen sich heute dem vorgegeben Modell noch entziehen k\u00f6nnen und zu welchen Mitteln gegriffen wird. Dass z.b. Organe von Menschen unbedeutend werden, wenn es darum geht, die Macht zu behalten. Dass der Respekt vor dem K\u00f6rper des Einzelnen brutalst geopfert wird, um Dinge durchzuziehen, und alles unter dem M\u00e4ntelchen, den Menschen helfen zu wollen.<\/p>\n<p>Ich muss jetzt aufh\u00f6ren, denn ich sp\u00fcre, wie es schon wieder auf mich \u00fcberschwappt \u2026wie ich schon wieder kotzen gehen k\u00f6nnte \u2026 <\/font><\/p>\n<p>\u00a9 evelyne w.<\/p>\n<p>&nbsp;<\/p>\n","protected":false},"excerpt":{"rendered":"<p>&nbsp; Die Vorf\u00e4lle und Reaktionen der letzten Tage haben mich dazu veranlasst, meine Gedanken \u00fcber Manipulation und Propaganda etwas leidenschaftsloser zusammen zu fassen. Ein Artikel wie &#8222;gehirnamputiert&#8220; kann nat\u00fcrlich sehr polemisch und plakativ angesehen werden. Und war es sicher auch. Ich habe mich aufgeregt \u2026 Aber gerade durch diese Aufregung kam vielleicht der Hintergrund gar [&hellip;]<\/p>\n","protected":false},"author":1,"featured_media":0,"comment_status":"open","ping_status":"open","sticky":false,"template":"","format":"standard","meta":{"jetpack_post_was_ever_published":false,"_jetpack_newsletter_access":"","_jetpack_dont_email_post_to_subs":false,"_jetpack_newsletter_tier_id":0,"_jetpack_memberships_contains_paywalled_content":false,"_jetpack_memberships_contains_paid_content":false,"footnotes":"","jetpack_publicize_message":"","jetpack_publicize_feature_enabled":true,"jetpack_social_post_already_shared":false,"jetpack_social_options":{"image_generator_settings":{"template":"highway","default_image_id":0,"font":"","enabled":false},"version":2}},"categories":[7,229,231,233,19],"tags":[338,352,396,398,402,405,170,439,467,497],"class_list":["post-2777","post","type-post","status-publish","format-standard","hentry","category-die-wichtigkeit-des-seins","category-gedanken-uber","category-humanitares","category-kolumne-2","category-philosophische-gedanken","tag-gemeinschaft","tag-individuation","tag-macht","tag-manipulation","tag-masse-und-macht","tag-medien","tag-psychologisches-training","tag-psychosomatik","tag-sicherheit","tag-trauma"],"jetpack_publicize_connections":[],"jetpack_featured_media_url":"","jetpack_shortlink":"https:\/\/wp.me\/p3ZwSb-IN","jetpack_sharing_enabled":true,"jetpack_likes_enabled":true,"_links":{"self":[{"href":"https:\/\/filosofium.evelyne-weissenbach.at\/index.php?rest_route=\/wp\/v2\/posts\/2777","targetHints":{"allow":["GET"]}}],"collection":[{"href":"https:\/\/filosofium.evelyne-weissenbach.at\/index.php?rest_route=\/wp\/v2\/posts"}],"about":[{"href":"https:\/\/filosofium.evelyne-weissenbach.at\/index.php?rest_route=\/wp\/v2\/types\/post"}],"author":[{"embeddable":true,"href":"https:\/\/filosofium.evelyne-weissenbach.at\/index.php?rest_route=\/wp\/v2\/users\/1"}],"replies":[{"embeddable":true,"href":"https:\/\/filosofium.evelyne-weissenbach.at\/index.php?rest_route=%2Fwp%2Fv2%2Fcomments&post=2777"}],"version-history":[{"count":0,"href":"https:\/\/filosofium.evelyne-weissenbach.at\/index.php?rest_route=\/wp\/v2\/posts\/2777\/revisions"}],"wp:attachment":[{"href":"https:\/\/filosofium.evelyne-weissenbach.at\/index.php?rest_route=%2Fwp%2Fv2%2Fmedia&parent=2777"}],"wp:term":[{"taxonomy":"category","embeddable":true,"href":"https:\/\/filosofium.evelyne-weissenbach.at\/index.php?rest_route=%2Fwp%2Fv2%2Fcategories&post=2777"},{"taxonomy":"post_tag","embeddable":true,"href":"https:\/\/filosofium.evelyne-weissenbach.at\/index.php?rest_route=%2Fwp%2Fv2%2Ftags&post=2777"}],"curies":[{"name":"wp","href":"https:\/\/api.w.org\/{rel}","templated":true}]}}