{"id":2813,"date":"2013-05-31T14:38:37","date_gmt":"2013-05-31T12:38:37","guid":{"rendered":"http:\/\/filosofium.wordpress.com\/?p=2813"},"modified":"2013-05-31T14:38:37","modified_gmt":"2013-05-31T12:38:37","slug":"gedanken-uber-die-angst-teil-iii-angst-ist-menschlich","status":"publish","type":"post","link":"https:\/\/filosofium.evelyne-weissenbach.at\/?p=2813","title":{"rendered":"Gedanken \u00fcber die Angst &#8211; III. Angst ist menschlich"},"content":{"rendered":"<p>&nbsp;<br \/>\n<font size=\"3\"><strong>III.<\/strong><\/p>\n<p>Angst ist deshalb f\u00fcr mich menschlich, weil sie meiner Meinung nach, Bewusstsein ben\u00f6tigt. Nur der Mensch kann sie als solche erkennen, und vor allem aber &#8211; auch willk\u00fcrlich ver\u00e4ndern.<\/p>\n<p>Aufteilen m\u00fcssen wir die Darstellung der Angst in zwei Gruppen:<br \/>\ndie Realangst und die psychische Angst.<\/p>\n<p>Beide &#8222;Arten&#8220; erwachsen dem Menschen aus seinem Bewusstsein und sind deshalb auf die ihm weitestgehend unbewusste Urangst (vor dem Abgetrenntsein von der Herde) aufgepfropft. Angst vor Schmerz, Verlust und auch vor dem Tod sind nur \u00fcber das Bewusstsein erfahrbar.<\/p>\n<p>Die meisten Menschen nehmen nur ihre Real\u00e4ngste wahr und wollen diese &#8222;bearbeiten&#8220;. Da Real\u00e4ngste aber nur Ausdruck f\u00fcr psychische \u00c4ngste sind, ist dies ein ziemlich hoffnungsloses Unterfangen. Es gelingt diesen Menschen dann vielleicht, diese oder jene Angst zu verdr\u00e4ngen, sie auf diese Weise zum Verschwinden zu bringen, aber sie dr\u00fcckt sich dann mit Sicherheit in einem anderen Bereich wieder aus.<br \/>\nUnd leider ist es auch so, dass Angst einer der gr\u00f6\u00dften Ausl\u00f6ser von Krankheiten ist. Auf diesem gerade beschriebenen Weg.<br \/>\nSie sucht sich IMMER einen Kanal, die Symptome daf\u00fcr sind h\u00f6chst unterschiedlich und oft sehr schwer der Angst zuordenbar.<\/p>\n<p>Deshalb erscheint es mir so wichtig, ein bisschen \u00fcber die Angst zu erz\u00e4hlen, weil es die einzige M\u00f6glichkeit ist, ihr ein wenig <em>zu Leibe<\/em> zu r\u00fccken, wenn man sie richtig erkennt und ihre Schlupfwinkel aufsp\u00fcrt.<\/p>\n<p>Am besten k\u00f6nnen wir die Auftretungszonen der Angst dadurch transparent machen: Kinder bekommen erst mit zunehmender Bewusstwerdung Angst. Babies &#8222;kennen&#8220; nur eine Angst, die ist in ihnen verankert: die Angst vor dem Verlassenwerden. Das ist die Urangst. Wobei es hier um die Herde geht. Es muss nicht die Mutter sein! Sondern jemand aus der Herde.<br \/>\nZum Unterschied: Deshalb ist es oft so schwierig, junge S\u00e4ugetiere, die man einsammelt, zum \u00dcberleben zu bringen, wenn sie keine Herdentiere sind. Beispiel: Bei Wildhasen kann nur die Mutter ihre Kinder ern\u00e4hren. Die nehmen von niemandem anders etwas an. Aber bei Rehen z.B. kann das gut klappen.<\/p>\n<p>Das oft unmotiviert erscheinende Schreien bei S\u00e4uglingen, das den M\u00fcttern so viele Sorgen und R\u00e4tsel bringt, ist im Grunde genommen genau daf\u00fcr Ausdruck. Obwohl es einem Baby offensichtlich gut geht, es keinen Hunger hat, keine nasse Windel, keine Krankheiten oder erkennbare Schmerzen, schreit es. Es muss seine Angst entlasten. Und ist deshalb auch oft erst durch k\u00f6rperliche Zuwendung zu beruhigen. Nicht durch einen Schnuller &#8230;<br \/>\nUnd manchmal klappt nicht einmal das. Dann sp\u00fcrt das Kind mit Sicherheit, dass die Mutter vielleicht emotional gerade nicht bei ihm ist &#8230;<br \/>\nAuch geistig reduzierte Menschen haben viel weniger Angst als geistorientierte. Nicht zu verwechseln mit ungebildeten Menschen! Bildung ist eine ambivalente Angelegenheit, sie kann Angst vermindern, aber auch erst sch\u00fcren.<\/p>\n<p>Ja, also was machen wir nun mit all diesen Informationen und Konstruktionen? Was k\u00f6nnen wir daraus lernen?<\/p>\n<p>Wir k\u00f6nnen daraus lernen, dass \u00c4ngste \u00fcber das Bewusstsein erst im Menschen abgesenkt werden. Durch Erziehung, durch Erfahrung, durch Tradition und \u2013 darum gehts mir ja in erster Linie &#8211; durch Manipulation.<\/p>\n<p>Was das \u00dcberleben des Menschen sichern soll, wird dem \u00dcberlebenstrieb durch Instinkte und Intuitionen vermittelt. Daf\u00fcr sind keine \u00c4ngste notwendig. <\/font><\/p>\n<p>\u00a9 evelyne w.<\/p>\n<p>&nbsp;<\/p>\n","protected":false},"excerpt":{"rendered":"<p>&nbsp; III. Angst ist deshalb f\u00fcr mich menschlich, weil sie meiner Meinung nach, Bewusstsein ben\u00f6tigt. Nur der Mensch kann sie als solche erkennen, und vor allem aber &#8211; auch willk\u00fcrlich ver\u00e4ndern. Aufteilen m\u00fcssen wir die Darstellung der Angst in zwei Gruppen: die Realangst und die psychische Angst. Beide &#8222;Arten&#8220; erwachsen dem Menschen aus seinem Bewusstsein [&hellip;]<\/p>\n","protected":false},"author":1,"featured_media":0,"comment_status":"open","ping_status":"open","sticky":false,"template":"","format":"standard","meta":{"jetpack_post_was_ever_published":false,"_jetpack_newsletter_access":"","_jetpack_dont_email_post_to_subs":false,"_jetpack_newsletter_tier_id":0,"_jetpack_memberships_contains_paywalled_content":false,"_jetpack_memberships_contains_paid_content":false,"footnotes":"","jetpack_publicize_message":"","jetpack_publicize_feature_enabled":true,"jetpack_social_post_already_shared":false,"jetpack_social_options":{"image_generator_settings":{"template":"highway","default_image_id":0,"font":"","enabled":false},"version":2}},"categories":[7,229,233],"tags":[261,338,352,396,398,402,405,170,439,441,467,505],"class_list":["post-2813","post","type-post","status-publish","format-standard","hentry","category-die-wichtigkeit-des-seins","category-gedanken-uber","category-kolumne-2","tag-angst","tag-gemeinschaft","tag-individuation","tag-macht","tag-manipulation","tag-masse-und-macht","tag-medien","tag-psychologisches-training","tag-psychosomatik","tag-realangst","tag-sicherheit","tag-urangst"],"jetpack_publicize_connections":[],"jetpack_featured_media_url":"","jetpack_shortlink":"https:\/\/wp.me\/p3ZwSb-Jn","jetpack_sharing_enabled":true,"jetpack_likes_enabled":true,"_links":{"self":[{"href":"https:\/\/filosofium.evelyne-weissenbach.at\/index.php?rest_route=\/wp\/v2\/posts\/2813","targetHints":{"allow":["GET"]}}],"collection":[{"href":"https:\/\/filosofium.evelyne-weissenbach.at\/index.php?rest_route=\/wp\/v2\/posts"}],"about":[{"href":"https:\/\/filosofium.evelyne-weissenbach.at\/index.php?rest_route=\/wp\/v2\/types\/post"}],"author":[{"embeddable":true,"href":"https:\/\/filosofium.evelyne-weissenbach.at\/index.php?rest_route=\/wp\/v2\/users\/1"}],"replies":[{"embeddable":true,"href":"https:\/\/filosofium.evelyne-weissenbach.at\/index.php?rest_route=%2Fwp%2Fv2%2Fcomments&post=2813"}],"version-history":[{"count":0,"href":"https:\/\/filosofium.evelyne-weissenbach.at\/index.php?rest_route=\/wp\/v2\/posts\/2813\/revisions"}],"wp:attachment":[{"href":"https:\/\/filosofium.evelyne-weissenbach.at\/index.php?rest_route=%2Fwp%2Fv2%2Fmedia&parent=2813"}],"wp:term":[{"taxonomy":"category","embeddable":true,"href":"https:\/\/filosofium.evelyne-weissenbach.at\/index.php?rest_route=%2Fwp%2Fv2%2Fcategories&post=2813"},{"taxonomy":"post_tag","embeddable":true,"href":"https:\/\/filosofium.evelyne-weissenbach.at\/index.php?rest_route=%2Fwp%2Fv2%2Ftags&post=2813"}],"curies":[{"name":"wp","href":"https:\/\/api.w.org\/{rel}","templated":true}]}}