{"id":2980,"date":"2013-08-20T14:07:27","date_gmt":"2013-08-20T12:07:27","guid":{"rendered":"http:\/\/filosofium.wordpress.com\/?p=2980"},"modified":"2013-08-20T14:07:27","modified_gmt":"2013-08-20T12:07:27","slug":"nachsehen","status":"publish","type":"post","link":"https:\/\/filosofium.evelyne-weissenbach.at\/?p=2980","title":{"rendered":"nachsehen"},"content":{"rendered":"<p><font size=\"3\"><br \/>\nzur fr\u00f6hlichen erinnerung f\u00fcr alle, die dabei waren<br \/>\nund zur gen\u00fcsslichen unterhaltung f\u00fcr alle, die nicht dabei waren &#8230;<\/p>\n<p><a href=\"http:\/\/youtu.be\/dGmkrs96bCs\" target=\"_blank\" rel=\"noopener\"><img loading=\"lazy\" decoding=\"async\" src=\"http:\/\/filosofium.evelyne-weissenbach.at\/wp-content\/uploads\/2013\/08\/trailer480.jpg\" title=\"Lesung Moenchhof\" alt=\"trailer moenchhof\" width=\"480\" height=\"320\" class=\"aligncenter size-full wp-image-2981\" \/><\/a><\/p>\n<p><\/font><\/p>\n<p>&nbsp;<\/p>\n","protected":false},"excerpt":{"rendered":"<p>zur fr\u00f6hlichen erinnerung f\u00fcr alle, die dabei waren und zur gen\u00fcsslichen unterhaltung f\u00fcr alle, die nicht dabei waren &#8230; &nbsp;<\/p>\n","protected":false},"author":1,"featured_media":0,"comment_status":"open","ping_status":"open","sticky":false,"template":"","format":"standard","meta":{"jetpack_post_was_ever_published":false,"_jetpack_newsletter_access":"","_jetpack_dont_email_post_to_subs":false,"_jetpack_newsletter_tier_id":0,"_jetpack_memberships_contains_paywalled_content":false,"_jetpack_memberships_contains_paid_content":false,"footnotes":"","jetpack_publicize_message":"","jetpack_publicize_feature_enabled":true,"jetpack_social_post_already_shared":false,"jetpack_social_options":{"image_generator_settings":{"template":"highway","default_image_id":0,"font":"","enabled":false},"version":2}},"categories":[225,27,28,29],"tags":[70,297,309,91,118,125,131,413,152,163,206],"class_list":["post-2980","post","type-post","status-publish","format-standard","hentry","category-erotisches-burgenland-2","category-veranstaltungen","category-veroffentlichungen-2","category-videos","tag-burgenland","tag-dorfmuseum","tag-erotische-poesie","tag-gedichte","tag-kurzprosa","tag-lesung","tag-literatur","tag-moenchhof","tag-neusiedlersee","tag-poesie","tag-verse"],"jetpack_publicize_connections":[],"jetpack_featured_media_url":"","jetpack_shortlink":"https:\/\/wp.me\/p3ZwSb-M4","jetpack_sharing_enabled":true,"jetpack_likes_enabled":true,"_links":{"self":[{"href":"https:\/\/filosofium.evelyne-weissenbach.at\/index.php?rest_route=\/wp\/v2\/posts\/2980","targetHints":{"allow":["GET"]}}],"collection":[{"href":"https:\/\/filosofium.evelyne-weissenbach.at\/index.php?rest_route=\/wp\/v2\/posts"}],"about":[{"href":"https:\/\/filosofium.evelyne-weissenbach.at\/index.php?rest_route=\/wp\/v2\/types\/post"}],"author":[{"embeddable":true,"href":"https:\/\/filosofium.evelyne-weissenbach.at\/index.php?rest_route=\/wp\/v2\/users\/1"}],"replies":[{"embeddable":true,"href":"https:\/\/filosofium.evelyne-weissenbach.at\/index.php?rest_route=%2Fwp%2Fv2%2Fcomments&post=2980"}],"version-history":[{"count":0,"href":"https:\/\/filosofium.evelyne-weissenbach.at\/index.php?rest_route=\/wp\/v2\/posts\/2980\/revisions"}],"wp:attachment":[{"href":"https:\/\/filosofium.evelyne-weissenbach.at\/index.php?rest_route=%2Fwp%2Fv2%2Fmedia&parent=2980"}],"wp:term":[{"taxonomy":"category","embeddable":true,"href":"https:\/\/filosofium.evelyne-weissenbach.at\/index.php?rest_route=%2Fwp%2Fv2%2Fcategories&post=2980"},{"taxonomy":"post_tag","embeddable":true,"href":"https:\/\/filosofium.evelyne-weissenbach.at\/index.php?rest_route=%2Fwp%2Fv2%2Ftags&post=2980"}],"curies":[{"name":"wp","href":"https:\/\/api.w.org\/{rel}","templated":true}]}}