{"id":3023,"date":"2013-09-04T11:08:09","date_gmt":"2013-09-04T09:08:09","guid":{"rendered":"http:\/\/filosofium.wordpress.com\/?p=3023"},"modified":"2013-09-04T11:08:09","modified_gmt":"2013-09-04T09:08:09","slug":"heise-tage","status":"publish","type":"post","link":"https:\/\/filosofium.evelyne-weissenbach.at\/?p=3023","title":{"rendered":"hei\u00dfe tage"},"content":{"rendered":"<p><font size=\"3\"><br \/>\nvorbei die tage<br \/>\nals die hitze uns<br \/>\ndie worte raubte<br \/>\nwir seufzten<br \/>\nst\u00f6hnten<br \/>\nuns luft zuf\u00e4chelten<br \/>\nals zeichen des verstehens<\/p>\n<p>jetzt sprudeln<br \/>\ndie gespr\u00e4che wieder<br \/>\nin flammend rot<br \/>\nleuchtendem gelb<br \/>\nund sattem violett<\/p>\n<p>aus unseren m\u00fcndern<br \/>\ntropft die hitze<br \/>\ndie der junge wein<br \/>\nnoch nicht vermag<br \/>\nzu k\u00fchlen<\/p>\n<p>und unsere augen<br \/>\nspiegeln noch immer<br \/>\nsommer <\/font><\/p>\n<p>\u00a9 evelyne w.<\/p>\n<p>&nbsp;<\/p>\n","protected":false},"excerpt":{"rendered":"<p>vorbei die tage als die hitze uns die worte raubte wir seufzten st\u00f6hnten uns luft zuf\u00e4chelten als zeichen des verstehens jetzt sprudeln die gespr\u00e4che wieder in flammend rot leuchtendem gelb und sattem violett aus unseren m\u00fcndern tropft die hitze die der junge wein noch nicht vermag zu k\u00fchlen und unsere augen spiegeln noch immer sommer [&hellip;]<\/p>\n","protected":false},"author":1,"featured_media":0,"comment_status":"open","ping_status":"open","sticky":false,"template":"","format":"standard","meta":{"jetpack_post_was_ever_published":false,"_jetpack_newsletter_access":"","_jetpack_dont_email_post_to_subs":false,"_jetpack_newsletter_tier_id":0,"_jetpack_memberships_contains_paywalled_content":false,"_jetpack_memberships_contains_paid_content":false,"footnotes":"","jetpack_publicize_message":"","jetpack_publicize_feature_enabled":true,"jetpack_social_post_already_shared":false,"jetpack_social_options":{"image_generator_settings":{"template":"highway","default_image_id":0,"font":"","enabled":false},"version":2}},"categories":[15,244,9],"tags":[91,346,128,129,131,133,163,206],"class_list":["post-3023","post","type-post","status-publish","format-standard","hentry","category-liebesgedichte-gedichte","category-neue-heimatgedichte","category-gedichte-2","tag-gedichte","tag-herbst","tag-liebesgedichte","tag-liebeslyrik","tag-literatur","tag-lyrik","tag-poesie","tag-verse"],"jetpack_publicize_connections":[],"jetpack_featured_media_url":"","jetpack_shortlink":"https:\/\/wp.me\/p3ZwSb-ML","jetpack_sharing_enabled":true,"jetpack_likes_enabled":true,"_links":{"self":[{"href":"https:\/\/filosofium.evelyne-weissenbach.at\/index.php?rest_route=\/wp\/v2\/posts\/3023","targetHints":{"allow":["GET"]}}],"collection":[{"href":"https:\/\/filosofium.evelyne-weissenbach.at\/index.php?rest_route=\/wp\/v2\/posts"}],"about":[{"href":"https:\/\/filosofium.evelyne-weissenbach.at\/index.php?rest_route=\/wp\/v2\/types\/post"}],"author":[{"embeddable":true,"href":"https:\/\/filosofium.evelyne-weissenbach.at\/index.php?rest_route=\/wp\/v2\/users\/1"}],"replies":[{"embeddable":true,"href":"https:\/\/filosofium.evelyne-weissenbach.at\/index.php?rest_route=%2Fwp%2Fv2%2Fcomments&post=3023"}],"version-history":[{"count":0,"href":"https:\/\/filosofium.evelyne-weissenbach.at\/index.php?rest_route=\/wp\/v2\/posts\/3023\/revisions"}],"wp:attachment":[{"href":"https:\/\/filosofium.evelyne-weissenbach.at\/index.php?rest_route=%2Fwp%2Fv2%2Fmedia&parent=3023"}],"wp:term":[{"taxonomy":"category","embeddable":true,"href":"https:\/\/filosofium.evelyne-weissenbach.at\/index.php?rest_route=%2Fwp%2Fv2%2Fcategories&post=3023"},{"taxonomy":"post_tag","embeddable":true,"href":"https:\/\/filosofium.evelyne-weissenbach.at\/index.php?rest_route=%2Fwp%2Fv2%2Ftags&post=3023"}],"curies":[{"name":"wp","href":"https:\/\/api.w.org\/{rel}","templated":true}]}}