{"id":3046,"date":"2013-09-11T12:21:53","date_gmt":"2013-09-11T10:21:53","guid":{"rendered":"http:\/\/filosofium.wordpress.com\/?p=3046"},"modified":"2013-09-11T12:21:53","modified_gmt":"2013-09-11T10:21:53","slug":"der-herbst-kommt","status":"publish","type":"post","link":"https:\/\/filosofium.evelyne-weissenbach.at\/?p=3046","title":{"rendered":"der herbst kommt"},"content":{"rendered":"<p><font size=\"3\"><br \/>\nan hei\u00dfen n\u00e4chten<br \/>\nbilden sich k\u00fchle r\u00e4nder<\/p>\n<p>der morgenausblick<br \/>\nverschleiert den horizont<\/p>\n<p>die schw\u00fcle weicht<br \/>\naus atemlosen tagen<\/p>\n<p>die sonne zieht<br \/>\nblasse kreise \u00fcber uns<\/font><\/p>\n<p>\u00a9 evelyne w.<\/p>\n<p>&nbsp;<\/p>\n","protected":false},"excerpt":{"rendered":"<p>an hei\u00dfen n\u00e4chten bilden sich k\u00fchle r\u00e4nder der morgenausblick verschleiert den horizont die schw\u00fcle weicht aus atemlosen tagen die sonne zieht blasse kreise \u00fcber uns \u00a9 evelyne w. &nbsp;<\/p>\n","protected":false},"author":1,"featured_media":0,"comment_status":"open","ping_status":"open","sticky":false,"template":"","format":"standard","meta":{"jetpack_post_was_ever_published":false,"_jetpack_newsletter_access":"","_jetpack_dont_email_post_to_subs":false,"_jetpack_newsletter_tier_id":0,"_jetpack_memberships_contains_paywalled_content":false,"_jetpack_memberships_contains_paid_content":false,"footnotes":"","jetpack_publicize_message":"","jetpack_publicize_feature_enabled":true,"jetpack_social_post_already_shared":false,"jetpack_social_options":{"image_generator_settings":{"template":"highway","default_image_id":0,"font":"","enabled":false},"version":2}},"categories":[15,244,9],"tags":[91,346,128,129,131,133,163,206],"class_list":["post-3046","post","type-post","status-publish","format-standard","hentry","category-liebesgedichte-gedichte","category-neue-heimatgedichte","category-gedichte-2","tag-gedichte","tag-herbst","tag-liebesgedichte","tag-liebeslyrik","tag-literatur","tag-lyrik","tag-poesie","tag-verse"],"jetpack_publicize_connections":[],"jetpack_featured_media_url":"","jetpack_shortlink":"https:\/\/wp.me\/p3ZwSb-N8","jetpack_sharing_enabled":true,"jetpack_likes_enabled":true,"_links":{"self":[{"href":"https:\/\/filosofium.evelyne-weissenbach.at\/index.php?rest_route=\/wp\/v2\/posts\/3046","targetHints":{"allow":["GET"]}}],"collection":[{"href":"https:\/\/filosofium.evelyne-weissenbach.at\/index.php?rest_route=\/wp\/v2\/posts"}],"about":[{"href":"https:\/\/filosofium.evelyne-weissenbach.at\/index.php?rest_route=\/wp\/v2\/types\/post"}],"author":[{"embeddable":true,"href":"https:\/\/filosofium.evelyne-weissenbach.at\/index.php?rest_route=\/wp\/v2\/users\/1"}],"replies":[{"embeddable":true,"href":"https:\/\/filosofium.evelyne-weissenbach.at\/index.php?rest_route=%2Fwp%2Fv2%2Fcomments&post=3046"}],"version-history":[{"count":0,"href":"https:\/\/filosofium.evelyne-weissenbach.at\/index.php?rest_route=\/wp\/v2\/posts\/3046\/revisions"}],"wp:attachment":[{"href":"https:\/\/filosofium.evelyne-weissenbach.at\/index.php?rest_route=%2Fwp%2Fv2%2Fmedia&parent=3046"}],"wp:term":[{"taxonomy":"category","embeddable":true,"href":"https:\/\/filosofium.evelyne-weissenbach.at\/index.php?rest_route=%2Fwp%2Fv2%2Fcategories&post=3046"},{"taxonomy":"post_tag","embeddable":true,"href":"https:\/\/filosofium.evelyne-weissenbach.at\/index.php?rest_route=%2Fwp%2Fv2%2Ftags&post=3046"}],"curies":[{"name":"wp","href":"https:\/\/api.w.org\/{rel}","templated":true}]}}