{"id":309,"date":"2011-08-10T20:29:05","date_gmt":"2011-08-10T18:29:05","guid":{"rendered":"http:\/\/filosofium.wordpress.com\/?p=309"},"modified":"2011-08-10T20:29:05","modified_gmt":"2011-08-10T18:29:05","slug":"das-selbst-als-kleid-der-welt","status":"publish","type":"post","link":"https:\/\/filosofium.evelyne-weissenbach.at\/?p=309","title":{"rendered":"das selbst als kleid der welt"},"content":{"rendered":"<p>&nbsp;<\/p>\n<p><font size=\"3\"><br \/>\ntr\u00fcge die welt das kleid<br \/>\ndas jeder einzelne ihm gibt<br \/>\nw\u00e4r es ein lumpenwerk<br \/>\nin das sich keiner h\u00fcllen mag<\/p>\n<p>die welt ist jedem eigen<br \/>\nder den himmel schaut<br \/>\ndie wirklichkeit<br \/>\nist nicht ihr einz&#8217;ger scho\u00df<\/p>\n<p>das selbst zu finden<br \/>\nnicht das ich <\/p>\n<p>w\u00e4re der webstuhl<br \/>\nf\u00fcr das pr\u00e4chtige tuch<br \/>\ndas uns alle kleidet<br \/>\n<\/font><\/p>\n<p>&nbsp;<\/p>\n","protected":false},"excerpt":{"rendered":"<p>&nbsp; tr\u00fcge die welt das kleid das jeder einzelne ihm gibt w\u00e4r es ein lumpenwerk in das sich keiner h\u00fcllen mag die welt ist jedem eigen der den himmel schaut die wirklichkeit ist nicht ihr einz&#8217;ger scho\u00df das selbst zu finden nicht das ich w\u00e4re der webstuhl f\u00fcr das pr\u00e4chtige tuch das uns alle kleidet [&hellip;]<\/p>\n","protected":false},"author":2,"featured_media":0,"comment_status":"open","ping_status":"open","sticky":false,"template":"","format":"standard","meta":{"jetpack_post_was_ever_published":false,"_jetpack_newsletter_access":"","_jetpack_dont_email_post_to_subs":false,"_jetpack_newsletter_tier_id":0,"_jetpack_memberships_contains_paywalled_content":false,"_jetpack_memberships_contains_paid_content":false,"footnotes":"","jetpack_publicize_message":"","jetpack_publicize_feature_enabled":true,"jetpack_social_post_already_shared":false,"jetpack_social_options":{"image_generator_settings":{"template":"highway","default_image_id":0,"font":"","enabled":false},"version":2}},"categories":[20,22,9],"tags":[65,91,131,133,161,168,181,184,206],"class_list":["post-309","post","type-post","status-publish","format-standard","hentry","category-philosophische-gedichte-gedichte","category-prosalyrik-gedichte","category-gedichte-2","tag-bewusstsein","tag-gedichte","tag-literatur","tag-lyrik","tag-philosophie","tag-prosalyrik","tag-selbsterkenntnis","tag-selbstliebe","tag-verse"],"jetpack_publicize_connections":[],"jetpack_featured_media_url":"","jetpack_shortlink":"https:\/\/wp.me\/p3ZwSb-4Z","jetpack_sharing_enabled":true,"jetpack_likes_enabled":true,"_links":{"self":[{"href":"https:\/\/filosofium.evelyne-weissenbach.at\/index.php?rest_route=\/wp\/v2\/posts\/309","targetHints":{"allow":["GET"]}}],"collection":[{"href":"https:\/\/filosofium.evelyne-weissenbach.at\/index.php?rest_route=\/wp\/v2\/posts"}],"about":[{"href":"https:\/\/filosofium.evelyne-weissenbach.at\/index.php?rest_route=\/wp\/v2\/types\/post"}],"author":[{"embeddable":true,"href":"https:\/\/filosofium.evelyne-weissenbach.at\/index.php?rest_route=\/wp\/v2\/users\/2"}],"replies":[{"embeddable":true,"href":"https:\/\/filosofium.evelyne-weissenbach.at\/index.php?rest_route=%2Fwp%2Fv2%2Fcomments&post=309"}],"version-history":[{"count":0,"href":"https:\/\/filosofium.evelyne-weissenbach.at\/index.php?rest_route=\/wp\/v2\/posts\/309\/revisions"}],"wp:attachment":[{"href":"https:\/\/filosofium.evelyne-weissenbach.at\/index.php?rest_route=%2Fwp%2Fv2%2Fmedia&parent=309"}],"wp:term":[{"taxonomy":"category","embeddable":true,"href":"https:\/\/filosofium.evelyne-weissenbach.at\/index.php?rest_route=%2Fwp%2Fv2%2Fcategories&post=309"},{"taxonomy":"post_tag","embeddable":true,"href":"https:\/\/filosofium.evelyne-weissenbach.at\/index.php?rest_route=%2Fwp%2Fv2%2Ftags&post=309"}],"curies":[{"name":"wp","href":"https:\/\/api.w.org\/{rel}","templated":true}]}}