{"id":316,"date":"2011-08-11T12:19:33","date_gmt":"2011-08-11T10:19:33","guid":{"rendered":"http:\/\/filosofium.wordpress.com\/?p=316"},"modified":"2011-08-11T12:19:33","modified_gmt":"2011-08-11T10:19:33","slug":"in-der-umarmung-des-vergessens","status":"publish","type":"post","link":"https:\/\/filosofium.evelyne-weissenbach.at\/?p=316","title":{"rendered":"In der Umarmung des Vergessens I."},"content":{"rendered":"<p>&nbsp;<\/p>\n<p><font size=\"4\"><strong>Der Besuch I.<\/strong><\/font><\/p>\n<p><font size=\"3\"><br \/>\nSie steht in der Mitte des Zimmers. Ihre Augen werden gro\u00df. Ein \u00fcberraschtes Grinsen \u00fcberzieht ihr Gesicht.<br \/>\n\u00bbNa endlich! Ich dachte, du kommst gar nicht mehr!\u00ab<br \/>\n\u00bbIch war doch erst vorgestern hier.\u00ab<br \/>\nSie wendet sich ungl\u00e4ubig l\u00e4chelnd ab. Mit trippelnden Schritten geht sie zum Tisch. Zupft an dem Kunstblumenstrau\u00df. Echte darf sie hier nicht haben.<br \/>\nDie mitgebrachte Kekspackung entlockt ihr ein gl\u00fcckliches: \u00bbDas hilft mir.\u00ab<br \/>\nSie schaut sich suchend um. In ihrem Gesicht arbeitet es.<br \/>\n\u00bbIch gebe sie dir in dein Nachtk\u00e4stchen.\u00ab<br \/>\n\u00bbNein, dort finden sie sie gleich.\u00ab<br \/>\n\u00bbWer?\u00ab<br \/>\n\u00bbHier stehlen sie wie die Raben.\u00ab<br \/>\nAuf dem M\u00fclleimer liegt zusammengefaltet der \u00dcberzug der Bettdecke.<br \/>\n\u00bbWarum hast du das Bett abgezogen?\u00ab<br \/>\n\u00bbIch kann es nicht, es ist mir zu schwer.\u00ab<br \/>\n\u00bbDu brauchst es doch nicht selbst zu machen. Die Schwestern machen das schon. Aber warum hast es abgezogen?\u00ab<br \/>\n\u00bbIch kann es nicht. Fr\u00fcher habe ich es immer gemacht. Ich kann es nicht mehr.\u00ab<br \/>\n\u00bbKomm, ich mache es.\u00ab<br \/>\n\u00bbIch kann es nicht, es ist mir zu schwer.\u00ab<br \/>\nSie trippelt zum Kasten. W\u00fchlt in den Laden.<br \/>\n\u00bbDu musst mir &#8230; ich habe keine &#8230;\u00ab<br \/>\n\u00bbWas suchst du denn?\u00ab<br \/>\nSie zeigt auf ihre F\u00fc\u00dfe. An jedem Fu\u00df ein anderer Socken.<br \/>\n\u00bbSie haben sie mir weggenommen.\u00ab<br \/>\n\u00bbAber da sind sie ja.\u00ab<br \/>\n\u00bbWie hast du sie gefunden?\u00ab<br \/>\n\u00bbHier sind sie doch.\u00ab<br \/>\n\u00bbSie haben dich gesehen und sie rasch wieder hineingelegt.\u00ab<br \/>\n\u00bbNiemand nimmt dir etwas weg. Du vergisst nur manchmal ein bisschen was.\u00ab<br \/>\n\u00bbDu hast keine Ahnung, wie es hier zugeht.\u00ab<br \/>\nWieder starrt sie auf ihre F\u00fc\u00dfe.<br \/>\n\u00bbIch habe keine &#8230;\u00ab<br \/>\n\u00bbKomm, wir gehen auf ein Eis. Ja?\u00ab<br \/>\n\u00bbIch kann nicht. Ich habe keine &#8230;\u00ab<br \/>\n\u00bbDu brauchst keine. Komm, wir gehen.\u00ab<br \/>\n\u00bbAber wenn ich weggehe, kommen sie.\u00ab<br \/>\n\u00bbNein, niemand kommt. Ich schaue dann nach, wenn wir zur\u00fcck sind.\u00ab<br \/>\n\u00bbBrauche ich einen Stock?\u00ab<br \/>\n\u00bbNein, ich bin ja bei dir.\u00ab<br \/>\n\u00bbIch dachte schon, du kommst nicht mehr.\u00ab<\/font><\/p>\n<p>&nbsp;<\/p>\n","protected":false},"excerpt":{"rendered":"<p>&nbsp; Der Besuch I. Sie steht in der Mitte des Zimmers. Ihre Augen werden gro\u00df. Ein \u00fcberraschtes Grinsen \u00fcberzieht ihr Gesicht. \u00bbNa endlich! Ich dachte, du kommst gar nicht mehr!\u00ab \u00bbIch war doch erst vorgestern hier.\u00ab Sie wendet sich ungl\u00e4ubig l\u00e4chelnd ab. Mit trippelnden Schritten geht sie zum Tisch. Zupft an dem Kunstblumenstrau\u00df. Echte darf [&hellip;]<\/p>\n","protected":false},"author":2,"featured_media":0,"comment_status":"open","ping_status":"open","sticky":false,"template":"","format":"standard","meta":{"jetpack_post_was_ever_published":false,"_jetpack_newsletter_access":"","_jetpack_dont_email_post_to_subs":false,"_jetpack_newsletter_tier_id":0,"_jetpack_memberships_contains_paywalled_content":false,"_jetpack_memberships_contains_paid_content":false,"footnotes":"","jetpack_publicize_message":"","jetpack_publicize_feature_enabled":true,"jetpack_social_post_already_shared":false,"jetpack_social_options":{"image_generator_settings":{"template":"highway","default_image_id":0,"font":"","enabled":false},"version":2}},"categories":[4,14],"tags":[49,65,73,77,84,96,110,112,120,131,143,144,161,169,170,181,182,184,201,202],"class_list":["post-316","post","type-post","status-publish","format-standard","hentry","category-dementia-in-miniatures","category-in-der-umarmung-des-vergessens","tag-alzheimer","tag-bewusstsein","tag-defizite","tag-demenz","tag-essay","tag-glosse","tag-kindheit","tag-kolumne","tag-lebenshilfe","tag-literatur","tag-mutterbindung","tag-mutterliebe","tag-philosophie","tag-psychologie","tag-psychologisches-training","tag-selbsterkenntnis","tag-selbsthilfe","tag-selbstliebe","tag-vergessen","tag-vergesslichkeit"],"jetpack_publicize_connections":[],"jetpack_featured_media_url":"","jetpack_shortlink":"https:\/\/wp.me\/p3ZwSb-56","jetpack_sharing_enabled":true,"jetpack_likes_enabled":true,"_links":{"self":[{"href":"https:\/\/filosofium.evelyne-weissenbach.at\/index.php?rest_route=\/wp\/v2\/posts\/316","targetHints":{"allow":["GET"]}}],"collection":[{"href":"https:\/\/filosofium.evelyne-weissenbach.at\/index.php?rest_route=\/wp\/v2\/posts"}],"about":[{"href":"https:\/\/filosofium.evelyne-weissenbach.at\/index.php?rest_route=\/wp\/v2\/types\/post"}],"author":[{"embeddable":true,"href":"https:\/\/filosofium.evelyne-weissenbach.at\/index.php?rest_route=\/wp\/v2\/users\/2"}],"replies":[{"embeddable":true,"href":"https:\/\/filosofium.evelyne-weissenbach.at\/index.php?rest_route=%2Fwp%2Fv2%2Fcomments&post=316"}],"version-history":[{"count":0,"href":"https:\/\/filosofium.evelyne-weissenbach.at\/index.php?rest_route=\/wp\/v2\/posts\/316\/revisions"}],"wp:attachment":[{"href":"https:\/\/filosofium.evelyne-weissenbach.at\/index.php?rest_route=%2Fwp%2Fv2%2Fmedia&parent=316"}],"wp:term":[{"taxonomy":"category","embeddable":true,"href":"https:\/\/filosofium.evelyne-weissenbach.at\/index.php?rest_route=%2Fwp%2Fv2%2Fcategories&post=316"},{"taxonomy":"post_tag","embeddable":true,"href":"https:\/\/filosofium.evelyne-weissenbach.at\/index.php?rest_route=%2Fwp%2Fv2%2Ftags&post=316"}],"curies":[{"name":"wp","href":"https:\/\/api.w.org\/{rel}","templated":true}]}}