{"id":3297,"date":"2013-11-09T00:01:10","date_gmt":"2013-11-08T23:01:10","guid":{"rendered":"http:\/\/filosofium.evelyne-weissenbach.at\/?p=3297"},"modified":"2013-11-10T13:20:08","modified_gmt":"2013-11-10T12:20:08","slug":"in-der-gnade-der-geburt","status":"publish","type":"post","link":"https:\/\/filosofium.evelyne-weissenbach.at\/?p=3297","title":{"rendered":"in der gnade der geburt"},"content":{"rendered":"<p><em>75 jahre reichskristallnacht &#8230;<\/em><\/p>\n<p>&nbsp;<\/p>\n<p>an solchen tagen<br \/>\nwerde ich ganz klein<br \/>\naus scham und angst<\/p>\n<p>f\u00fcnfundsiebzig jahre<br \/>\nlegen sich auf meine haut<br \/>\nauf meinen r\u00fccken<\/p>\n<p>der sich kr\u00fcmmt<br \/>\nunter der last<br \/>\ngemeinsamer verantwortung<\/p>\n<p>f\u00fcr das was sich<br \/>\nnicht wiederholen<br \/>\nDARF<\/p>\n<p>was tun<br \/>\nmit diesem erbe<br \/>\nvon dem ich wei\u00df<\/p>\n<p>dass es den menschen<br \/>\ninnewohnt<br \/>\ndamals sowie heute<\/p>\n<p>lasst uns<br \/>\ndie namen nennen<br \/>\nf\u00fcr das kleid<br \/>\nin dem das totschweigen<br \/>\nsich pr\u00e4sentiert<\/p>\n<p>sei es aus eitelkeit<br \/>\noder aus abgestumpfter<br \/>\nsattheit<\/p>\n<p>und dann nehmt meine hand<br \/>\ndie euch den weg<br \/>\nzur liebe weist &#8230;<\/p>\n<p>an solchen tagen<br \/>\nwerde ich ganz klein<br \/>\naus demut <\/p>\n<p>\u00fcber mein leben in der<br \/>\ngnade der geburt<\/p>\n<p>\u00a9 evelyne w.<\/p>\n<p>&nbsp;<\/p>\n<p><a href=\"http:\/\/youtu.be\/JQF-Ta_ztUY\" title=\"flossenbuerg-trailer\" target=\"_blank\" rel=\"noopener\"><img loading=\"lazy\" decoding=\"async\" src=\"http:\/\/i274.photobucket.com\/albums\/jj272\/lin_tschi\/wordpress\/klick480.jpg\" alt=\"lesung flossenbuerg\" title=\"lesung flossenbuerg\" width=\"480\" height=\"360\" \/><\/a><\/p>\n<p>&nbsp;<\/p>\n<p>&nbsp;<\/p>\n","protected":false},"excerpt":{"rendered":"<p>75 jahre reichskristallnacht &#8230; &nbsp; an solchen tagen werde ich ganz klein aus scham und angst f\u00fcnfundsiebzig jahre legen sich auf meine haut auf meinen r\u00fccken der sich kr\u00fcmmt unter der last gemeinsamer verantwortung f\u00fcr das was sich nicht wiederholen DARF was tun mit diesem erbe von dem ich wei\u00df dass es den menschen innewohnt [&hellip;]<\/p>\n","protected":false},"author":1,"featured_media":0,"comment_status":"open","ping_status":"closed","sticky":false,"template":"","format":"standard","meta":{"jetpack_post_was_ever_published":false,"_jetpack_newsletter_access":"","_jetpack_dont_email_post_to_subs":false,"_jetpack_newsletter_tier_id":0,"_jetpack_memberships_contains_paywalled_content":false,"_jetpack_memberships_contains_paid_content":false,"footnotes":"","jetpack_publicize_message":"","jetpack_publicize_feature_enabled":true,"jetpack_social_post_already_shared":true,"jetpack_social_options":{"image_generator_settings":{"template":"highway","default_image_id":0,"font":"","enabled":false},"version":2}},"categories":[36,234,8],"tags":[64,65,86,87,93,101,114,119,139,564,182,184,186],"class_list":["post-3297","post","type-post","status-publish","format-standard","hentry","category-dunkle-gedichte","category-kritisches","category-flossenburg-2011","tag-bewusstmachung","tag-bewusstsein","tag-faschismus","tag-flossenburg","tag-gefangenenlager","tag-holocaust","tag-konzentrationslager","tag-kz","tag-menschenrechte","tag-reichskristallnacht","tag-selbsthilfe","tag-selbstliebe","tag-shoa"],"jetpack_publicize_connections":[],"jetpack_featured_media_url":"","jetpack_shortlink":"https:\/\/wp.me\/p3ZwSb-Rb","jetpack_sharing_enabled":true,"jetpack_likes_enabled":true,"_links":{"self":[{"href":"https:\/\/filosofium.evelyne-weissenbach.at\/index.php?rest_route=\/wp\/v2\/posts\/3297","targetHints":{"allow":["GET"]}}],"collection":[{"href":"https:\/\/filosofium.evelyne-weissenbach.at\/index.php?rest_route=\/wp\/v2\/posts"}],"about":[{"href":"https:\/\/filosofium.evelyne-weissenbach.at\/index.php?rest_route=\/wp\/v2\/types\/post"}],"author":[{"embeddable":true,"href":"https:\/\/filosofium.evelyne-weissenbach.at\/index.php?rest_route=\/wp\/v2\/users\/1"}],"replies":[{"embeddable":true,"href":"https:\/\/filosofium.evelyne-weissenbach.at\/index.php?rest_route=%2Fwp%2Fv2%2Fcomments&post=3297"}],"version-history":[{"count":5,"href":"https:\/\/filosofium.evelyne-weissenbach.at\/index.php?rest_route=\/wp\/v2\/posts\/3297\/revisions"}],"predecessor-version":[{"id":3302,"href":"https:\/\/filosofium.evelyne-weissenbach.at\/index.php?rest_route=\/wp\/v2\/posts\/3297\/revisions\/3302"}],"wp:attachment":[{"href":"https:\/\/filosofium.evelyne-weissenbach.at\/index.php?rest_route=%2Fwp%2Fv2%2Fmedia&parent=3297"}],"wp:term":[{"taxonomy":"category","embeddable":true,"href":"https:\/\/filosofium.evelyne-weissenbach.at\/index.php?rest_route=%2Fwp%2Fv2%2Fcategories&post=3297"},{"taxonomy":"post_tag","embeddable":true,"href":"https:\/\/filosofium.evelyne-weissenbach.at\/index.php?rest_route=%2Fwp%2Fv2%2Ftags&post=3297"}],"curies":[{"name":"wp","href":"https:\/\/api.w.org\/{rel}","templated":true}]}}