{"id":3417,"date":"2013-12-03T14:47:05","date_gmt":"2013-12-03T13:47:05","guid":{"rendered":"http:\/\/filosofium.evelyne-weissenbach.at\/?p=3417"},"modified":"2013-12-03T16:30:04","modified_gmt":"2013-12-03T15:30:04","slug":"die-heimat-der-weihnacht","status":"publish","type":"post","link":"https:\/\/filosofium.evelyne-weissenbach.at\/?p=3417","title":{"rendered":"Die Heimat der Weihnacht"},"content":{"rendered":"<p>&nbsp;<br \/>\nWo ist die Weihnacht zu Hause?<br \/>\nDort wo es das Christkind gibt?<br \/>\nIn den L\u00e4ndern wo Christus lehrt<br \/>\nwie man die Menschen liebt?<\/p>\n<p>Doch die Menschen aus seiner Geburt<br \/>\nein Fest der Konsumwut gestalten?<br \/>\nOder sich selbstgerecht<br \/>\nf\u00fcr das Z\u00fcnglein der Weltwaage halten?<\/p>\n<p>Oder in den Gr\u00e4ben der Angst<br \/>\ndes Leids und der bitteren Not<br \/>\nohne Lamettaglanz<br \/>\nvon des Weihnachtsmanns Kindern bedroht?<\/p>\n<p>Nein, nicht hier und nicht dort.<br \/>\nDie Heimat der Weihnacht ist an dem Ort<br \/>\nwo auch immer die Geburt der Liebe geschieht.<br \/>\nSo dem Hass und der Angst<br \/>\njede Macht entzieht.<\/p>\n<p>Deshalb ist die Weihnacht zu Hause in mir<br \/>\nund ich bitte dich:<br \/>\nGib ihr auch Heimat in dir!<br \/>\nLass in Demut uns unseren Frieden leben<\/p>\n<p>Den wir an die Welt<br \/>\nnur so<br \/>\nweitergeben<br \/>\n&nbsp;<\/p>\n<p>\u00a9 evelyne w.<\/p>\n<p><a href=\"http:\/\/weihnachtslesung.podspot.de\/post\/die-heimat-der-weihnacht\/\" target=\"_blank\" rel=\"noopener\"><img loading=\"lazy\" decoding=\"async\" src=\"http:\/\/www.evelyne-weissenbach.at\/wordpress\/lyvo_xm140x84.gif\" width=\"140\" height=\"84\" title=\"weihnachtspodcast\" alt=\"weihnachtspodcast\"><\/a><\/p>\n<p>&nbsp;<\/p>\n<p>&nbsp;<\/p>\n","protected":false},"excerpt":{"rendered":"<p>&nbsp; Wo ist die Weihnacht zu Hause? Dort wo es das Christkind gibt? In den L\u00e4ndern wo Christus lehrt wie man die Menschen liebt? Doch die Menschen aus seiner Geburt ein Fest der Konsumwut gestalten? Oder sich selbstgerecht f\u00fcr das Z\u00fcnglein der Weltwaage halten? Oder in den Gr\u00e4ben der Angst des Leids und der bitteren [&hellip;]<\/p>\n","protected":false},"author":1,"featured_media":0,"comment_status":"open","ping_status":"closed","sticky":false,"template":"","format":"standard","meta":{"jetpack_post_was_ever_published":false,"_jetpack_newsletter_access":"","_jetpack_dont_email_post_to_subs":false,"_jetpack_newsletter_tier_id":0,"_jetpack_memberships_contains_paywalled_content":false,"_jetpack_memberships_contains_paid_content":false,"footnotes":"","jetpack_publicize_message":"","jetpack_publicize_feature_enabled":true,"jetpack_social_post_already_shared":true,"jetpack_social_options":{"image_generator_settings":{"template":"highway","default_image_id":0,"font":"","enabled":false},"version":2}},"categories":[242,9,11,241],"tags":[91,131,133,206,520,209,212,215,216,217,218,219],"class_list":["post-3417","post","type-post","status-publish","format-standard","hentry","category-weihnachtsgedichte-gedichte","category-gedichte-2","category-hortexte","category-weihnachten-und-neujahr","tag-gedichte","tag-literatur","tag-lyrik","tag-verse","tag-weihnacht","tag-weihnachten-2","tag-weihnachtsgedichte","tag-weihnachtslesung","tag-weihnachtslyrik","tag-weihnachtspodcast","tag-weihnachtstexte","tag-weihnachtsverse"],"jetpack_publicize_connections":[],"jetpack_featured_media_url":"","jetpack_shortlink":"https:\/\/wp.me\/p3ZwSb-T7","jetpack_sharing_enabled":true,"jetpack_likes_enabled":true,"_links":{"self":[{"href":"https:\/\/filosofium.evelyne-weissenbach.at\/index.php?rest_route=\/wp\/v2\/posts\/3417","targetHints":{"allow":["GET"]}}],"collection":[{"href":"https:\/\/filosofium.evelyne-weissenbach.at\/index.php?rest_route=\/wp\/v2\/posts"}],"about":[{"href":"https:\/\/filosofium.evelyne-weissenbach.at\/index.php?rest_route=\/wp\/v2\/types\/post"}],"author":[{"embeddable":true,"href":"https:\/\/filosofium.evelyne-weissenbach.at\/index.php?rest_route=\/wp\/v2\/users\/1"}],"replies":[{"embeddable":true,"href":"https:\/\/filosofium.evelyne-weissenbach.at\/index.php?rest_route=%2Fwp%2Fv2%2Fcomments&post=3417"}],"version-history":[{"count":2,"href":"https:\/\/filosofium.evelyne-weissenbach.at\/index.php?rest_route=\/wp\/v2\/posts\/3417\/revisions"}],"predecessor-version":[{"id":3419,"href":"https:\/\/filosofium.evelyne-weissenbach.at\/index.php?rest_route=\/wp\/v2\/posts\/3417\/revisions\/3419"}],"wp:attachment":[{"href":"https:\/\/filosofium.evelyne-weissenbach.at\/index.php?rest_route=%2Fwp%2Fv2%2Fmedia&parent=3417"}],"wp:term":[{"taxonomy":"category","embeddable":true,"href":"https:\/\/filosofium.evelyne-weissenbach.at\/index.php?rest_route=%2Fwp%2Fv2%2Fcategories&post=3417"},{"taxonomy":"post_tag","embeddable":true,"href":"https:\/\/filosofium.evelyne-weissenbach.at\/index.php?rest_route=%2Fwp%2Fv2%2Ftags&post=3417"}],"curies":[{"name":"wp","href":"https:\/\/api.w.org\/{rel}","templated":true}]}}