{"id":3452,"date":"2013-12-19T12:27:50","date_gmt":"2013-12-19T11:27:50","guid":{"rendered":"http:\/\/filosofium.evelyne-weissenbach.at\/?p=3452"},"modified":"2013-12-22T12:54:00","modified_gmt":"2013-12-22T11:54:00","slug":"der-stern-der-weihnacht","status":"publish","type":"post","link":"https:\/\/filosofium.evelyne-weissenbach.at\/?p=3452","title":{"rendered":"der stern der weihnacht"},"content":{"rendered":"<p>&nbsp;<br \/>\nund dann der stern<br \/>\nvom himmel f\u00e4llt er<br \/>\nin meine nacht<\/p>\n<p>er w\u00e4rmt mich<br \/>\nerleuchtet mich<br \/>\ner liebt mich<br \/>\nich sp\u00fcre es<\/p>\n<p>dann trage ich<br \/>\nglut in meinem herzen<br \/>\nf\u00fclle die augen mir<br \/>\nmit sehen<\/p>\n<p>die h\u00e4nde mit halt<br \/>\ndie lippen mit atem<br \/>\nder die welt umf\u00e4ngt<\/p>\n<p>grenzen fallen<br \/>\nund gottes geburt<br \/>\nmacht uns zu seinen kindern<\/p>\n<p>\u00a9 evelyne w.<\/p>\n<p>&nbsp;<\/p>\n<p><a href=\"http:\/\/weihnachtslesung.podspot.de\/post\/stern-der-weihnacht\/\" target=\"_blank\" rel=\"noopener\"><img loading=\"lazy\" decoding=\"async\" src=\"http:\/\/www.evelyne-weissenbach.at\/wordpress\/lyvo_xm140x84.gif\" width=\"140\" height=\"84\" title=\"weihnachtspodcast\" alt=\"weihnachtspodcast\"><\/p>\n<p>&nbsp;<\/p>\n","protected":false},"excerpt":{"rendered":"<p>&nbsp; und dann der stern vom himmel f\u00e4llt er in meine nacht er w\u00e4rmt mich erleuchtet mich er liebt mich ich sp\u00fcre es dann trage ich glut in meinem herzen f\u00fclle die augen mir mit sehen die h\u00e4nde mit halt die lippen mit atem der die welt umf\u00e4ngt grenzen fallen und gottes geburt macht uns [&hellip;]<\/p>\n","protected":false},"author":3,"featured_media":0,"comment_status":"open","ping_status":"closed","sticky":false,"template":"","format":"standard","meta":{"jetpack_post_was_ever_published":false,"_jetpack_newsletter_access":"","_jetpack_dont_email_post_to_subs":false,"_jetpack_newsletter_tier_id":0,"_jetpack_memberships_contains_paywalled_content":false,"_jetpack_memberships_contains_paid_content":false,"footnotes":"","jetpack_publicize_message":"","jetpack_publicize_feature_enabled":true,"jetpack_social_post_already_shared":true,"jetpack_social_options":{"image_generator_settings":{"template":"highway","default_image_id":0,"font":"","enabled":false},"version":2}},"categories":[242,11,241],"tags":[39,40,42,91,99,131,133,206,209,212,214,215,216,217,218,219],"class_list":["post-3452","post","type-post","status-publish","format-standard","hentry","category-weihnachtsgedichte-gedichte","category-hortexte","category-weihnachten-und-neujahr","tag-advent","tag-adventgedichte","tag-adventlesung","tag-gedichte","tag-hortexte-2","tag-literatur","tag-lyrik","tag-verse","tag-weihnachten-2","tag-weihnachtsgedichte","tag-weihnachtsgeschichten","tag-weihnachtslesung","tag-weihnachtslyrik","tag-weihnachtspodcast","tag-weihnachtstexte","tag-weihnachtsverse"],"jetpack_publicize_connections":[],"jetpack_featured_media_url":"","jetpack_shortlink":"https:\/\/wp.me\/p3ZwSb-TG","jetpack_sharing_enabled":true,"jetpack_likes_enabled":true,"_links":{"self":[{"href":"https:\/\/filosofium.evelyne-weissenbach.at\/index.php?rest_route=\/wp\/v2\/posts\/3452","targetHints":{"allow":["GET"]}}],"collection":[{"href":"https:\/\/filosofium.evelyne-weissenbach.at\/index.php?rest_route=\/wp\/v2\/posts"}],"about":[{"href":"https:\/\/filosofium.evelyne-weissenbach.at\/index.php?rest_route=\/wp\/v2\/types\/post"}],"author":[{"embeddable":true,"href":"https:\/\/filosofium.evelyne-weissenbach.at\/index.php?rest_route=\/wp\/v2\/users\/3"}],"replies":[{"embeddable":true,"href":"https:\/\/filosofium.evelyne-weissenbach.at\/index.php?rest_route=%2Fwp%2Fv2%2Fcomments&post=3452"}],"version-history":[{"count":4,"href":"https:\/\/filosofium.evelyne-weissenbach.at\/index.php?rest_route=\/wp\/v2\/posts\/3452\/revisions"}],"predecessor-version":[{"id":3456,"href":"https:\/\/filosofium.evelyne-weissenbach.at\/index.php?rest_route=\/wp\/v2\/posts\/3452\/revisions\/3456"}],"wp:attachment":[{"href":"https:\/\/filosofium.evelyne-weissenbach.at\/index.php?rest_route=%2Fwp%2Fv2%2Fmedia&parent=3452"}],"wp:term":[{"taxonomy":"category","embeddable":true,"href":"https:\/\/filosofium.evelyne-weissenbach.at\/index.php?rest_route=%2Fwp%2Fv2%2Fcategories&post=3452"},{"taxonomy":"post_tag","embeddable":true,"href":"https:\/\/filosofium.evelyne-weissenbach.at\/index.php?rest_route=%2Fwp%2Fv2%2Ftags&post=3452"}],"curies":[{"name":"wp","href":"https:\/\/api.w.org\/{rel}","templated":true}]}}