{"id":353,"date":"2011-08-12T17:19:41","date_gmt":"2011-08-12T15:19:41","guid":{"rendered":"http:\/\/filosofium.wordpress.com\/?p=353"},"modified":"2011-08-12T17:19:41","modified_gmt":"2011-08-12T15:19:41","slug":"in-der-umarmung-des-vergessens-ii","status":"publish","type":"post","link":"https:\/\/filosofium.evelyne-weissenbach.at\/?p=353","title":{"rendered":"In der Umarmung des Vergessens II."},"content":{"rendered":"<p>&nbsp;<\/p>\n<p><font size=\"4\"><strong>Der Besuch II.<\/strong><\/font><\/p>\n<p><font size=\"3\">Und wieder steht sie vor mir.  Es geht ihr gut. Ich sehe es. Die Freude w\u00e4chst aus meinem Bauch. Ihre w\u00e4chst in ihr Gesicht.<br \/>\nIch umarme sie. Klein ist sie geworden. Zugenommen hat sie. Die vielen Kekse. Und doch f\u00fchlt sie sich so zerbrechlich an.<br \/>\n\u00bbWie geht es dir?\u00ab, fragt sie.<br \/>\n\u00bbMir geht es gut, aber wie geht es dir?\u00ab<br \/>\n\u00bbNa gut\u00ab, antwortet sie. Sch\u00fcttelt den Kopf. Beinahe erstaunt.<br \/>\nJetzt l\u00e4chle ich. An die vierzig Jahre lang habe ich diesen Ausspruch nicht von ihr geh\u00f6rt. Sie hat vergessen, dass es ihr <em>nie<\/em> gut ging.<br \/>\n\u00bbIst es nicht sch\u00f6n hier?\u00ab, fragt sie mich. Ich nicke.<br \/>\n\u00bbDu musst es einmal am Abend sehen. Da sitze ich dort drau\u00dfen. Es ist ganz ruhig. Nur ein paar Lichter.\u00ab<br \/>\n\u00bbSiehst du sie denn?\u00ab Ich bin \u00fcberrascht. Seit Jahren ist sie so gut wie blind. Vor allem f\u00fcr die Ferne.<br \/>\nSie nickt. \u00bbEs ist so sch\u00f6n. Ganz ruhig. Jedem gef\u00e4llt es, der zu mir kommt. Es ist wirklich sch\u00f6n. Jeder sagt das.\u00ab<br \/>\n\u00bbMir gef\u00e4llt es auch. Bist du froh, dass du hier bist?\u00ab<br \/>\nSie nickt. \u00bbEs ist so sch\u00f6n. Alle kommen &#8230; Allen gef\u00e4llt es bei mir. Sie kommen &#8230; alle &#8230; gern.\u00ab<br \/>\n\u00bbMir gef\u00e4llt es auch.\u00ab Ich k\u00fcsse sie auf die Schl\u00e4fe.<\/p>\n<p>Ja, endlich komme ich auch gern.<br \/>\nEs war nicht immer so.<br \/>\n<\/font><\/p>\n<p>&nbsp;<\/p>\n","protected":false},"excerpt":{"rendered":"<p>&nbsp; Der Besuch II. Und wieder steht sie vor mir. Es geht ihr gut. Ich sehe es. Die Freude w\u00e4chst aus meinem Bauch. Ihre w\u00e4chst in ihr Gesicht. Ich umarme sie. Klein ist sie geworden. Zugenommen hat sie. Die vielen Kekse. Und doch f\u00fchlt sie sich so zerbrechlich an. \u00bbWie geht es dir?\u00ab, fragt sie. [&hellip;]<\/p>\n","protected":false},"author":2,"featured_media":0,"comment_status":"open","ping_status":"open","sticky":false,"template":"","format":"standard","meta":{"jetpack_post_was_ever_published":false,"_jetpack_newsletter_access":"","_jetpack_dont_email_post_to_subs":false,"_jetpack_newsletter_tier_id":0,"_jetpack_memberships_contains_paywalled_content":false,"_jetpack_memberships_contains_paid_content":false,"footnotes":"","jetpack_publicize_message":"","jetpack_publicize_feature_enabled":true,"jetpack_social_post_already_shared":false,"jetpack_social_options":{"image_generator_settings":{"template":"highway","default_image_id":0,"font":"","enabled":false},"version":2}},"categories":[4,14],"tags":[49,65,73,77,84,96,110,112,120,131,143,161,169,170,181,182,184,202],"class_list":["post-353","post","type-post","status-publish","format-standard","hentry","category-dementia-in-miniatures","category-in-der-umarmung-des-vergessens","tag-alzheimer","tag-bewusstsein","tag-defizite","tag-demenz","tag-essay","tag-glosse","tag-kindheit","tag-kolumne","tag-lebenshilfe","tag-literatur","tag-mutterbindung","tag-philosophie","tag-psychologie","tag-psychologisches-training","tag-selbsterkenntnis","tag-selbsthilfe","tag-selbstliebe","tag-vergesslichkeit"],"jetpack_publicize_connections":[],"jetpack_featured_media_url":"","jetpack_shortlink":"https:\/\/wp.me\/p3ZwSb-5H","jetpack_sharing_enabled":true,"jetpack_likes_enabled":true,"_links":{"self":[{"href":"https:\/\/filosofium.evelyne-weissenbach.at\/index.php?rest_route=\/wp\/v2\/posts\/353","targetHints":{"allow":["GET"]}}],"collection":[{"href":"https:\/\/filosofium.evelyne-weissenbach.at\/index.php?rest_route=\/wp\/v2\/posts"}],"about":[{"href":"https:\/\/filosofium.evelyne-weissenbach.at\/index.php?rest_route=\/wp\/v2\/types\/post"}],"author":[{"embeddable":true,"href":"https:\/\/filosofium.evelyne-weissenbach.at\/index.php?rest_route=\/wp\/v2\/users\/2"}],"replies":[{"embeddable":true,"href":"https:\/\/filosofium.evelyne-weissenbach.at\/index.php?rest_route=%2Fwp%2Fv2%2Fcomments&post=353"}],"version-history":[{"count":0,"href":"https:\/\/filosofium.evelyne-weissenbach.at\/index.php?rest_route=\/wp\/v2\/posts\/353\/revisions"}],"wp:attachment":[{"href":"https:\/\/filosofium.evelyne-weissenbach.at\/index.php?rest_route=%2Fwp%2Fv2%2Fmedia&parent=353"}],"wp:term":[{"taxonomy":"category","embeddable":true,"href":"https:\/\/filosofium.evelyne-weissenbach.at\/index.php?rest_route=%2Fwp%2Fv2%2Fcategories&post=353"},{"taxonomy":"post_tag","embeddable":true,"href":"https:\/\/filosofium.evelyne-weissenbach.at\/index.php?rest_route=%2Fwp%2Fv2%2Ftags&post=353"}],"curies":[{"name":"wp","href":"https:\/\/api.w.org\/{rel}","templated":true}]}}