{"id":3538,"date":"2014-01-13T19:08:20","date_gmt":"2014-01-13T18:08:20","guid":{"rendered":"http:\/\/filosofium.evelyne-weissenbach.at\/?p=3538"},"modified":"2014-01-13T19:09:08","modified_gmt":"2014-01-13T18:09:08","slug":"einblick","status":"publish","type":"post","link":"https:\/\/filosofium.evelyne-weissenbach.at\/?p=3538","title":{"rendered":"einblick"},"content":{"rendered":"<p>&nbsp;<br \/>\nder ausblick heute nebelfrei<br \/>\nzeigt klar den grund<br \/>\nauf dem mein leben fu\u00dft<\/p>\n<p>an jenen tagen<br \/>\nwo grau der dunst<br \/>\nsich \u00fcber den boden w\u00e4lzt<br \/>\nfindet mein schritt<br \/>\ndiese erinnerung<\/p>\n<p>&nbsp;<\/p>\n<p>\u00a9 evelyne w.<\/p>\n<p>&nbsp;<\/p>\n","protected":false},"excerpt":{"rendered":"<p>&nbsp; der ausblick heute nebelfrei zeigt klar den grund auf dem mein leben fu\u00dft an jenen tagen wo grau der dunst sich \u00fcber den boden w\u00e4lzt findet mein schritt diese erinnerung &nbsp; \u00a9 evelyne w. &nbsp;<\/p>\n","protected":false},"author":1,"featured_media":0,"comment_status":"open","ping_status":"closed","sticky":false,"template":"","format":"standard","meta":{"jetpack_post_was_ever_published":false,"_jetpack_newsletter_access":"","_jetpack_dont_email_post_to_subs":false,"_jetpack_newsletter_tier_id":0,"_jetpack_memberships_contains_paywalled_content":false,"_jetpack_memberships_contains_paid_content":false,"footnotes":"","jetpack_publicize_message":"","jetpack_publicize_feature_enabled":true,"jetpack_social_post_already_shared":true,"jetpack_social_options":{"image_generator_settings":{"template":"highway","default_image_id":0,"font":"","enabled":false},"version":2}},"categories":[244,9],"tags":[70,91,562,133,152,206],"class_list":["post-3538","post","type-post","status-publish","format-standard","hentry","category-neue-heimatgedichte","category-gedichte-2","tag-burgenland","tag-gedichte","tag-herbst-weinberg","tag-lyrik","tag-neusiedlersee","tag-verse"],"jetpack_publicize_connections":[],"jetpack_featured_media_url":"","jetpack_shortlink":"https:\/\/wp.me\/s3ZwSb-einblick","jetpack_sharing_enabled":true,"jetpack_likes_enabled":true,"_links":{"self":[{"href":"https:\/\/filosofium.evelyne-weissenbach.at\/index.php?rest_route=\/wp\/v2\/posts\/3538","targetHints":{"allow":["GET"]}}],"collection":[{"href":"https:\/\/filosofium.evelyne-weissenbach.at\/index.php?rest_route=\/wp\/v2\/posts"}],"about":[{"href":"https:\/\/filosofium.evelyne-weissenbach.at\/index.php?rest_route=\/wp\/v2\/types\/post"}],"author":[{"embeddable":true,"href":"https:\/\/filosofium.evelyne-weissenbach.at\/index.php?rest_route=\/wp\/v2\/users\/1"}],"replies":[{"embeddable":true,"href":"https:\/\/filosofium.evelyne-weissenbach.at\/index.php?rest_route=%2Fwp%2Fv2%2Fcomments&post=3538"}],"version-history":[{"count":2,"href":"https:\/\/filosofium.evelyne-weissenbach.at\/index.php?rest_route=\/wp\/v2\/posts\/3538\/revisions"}],"predecessor-version":[{"id":3540,"href":"https:\/\/filosofium.evelyne-weissenbach.at\/index.php?rest_route=\/wp\/v2\/posts\/3538\/revisions\/3540"}],"wp:attachment":[{"href":"https:\/\/filosofium.evelyne-weissenbach.at\/index.php?rest_route=%2Fwp%2Fv2%2Fmedia&parent=3538"}],"wp:term":[{"taxonomy":"category","embeddable":true,"href":"https:\/\/filosofium.evelyne-weissenbach.at\/index.php?rest_route=%2Fwp%2Fv2%2Fcategories&post=3538"},{"taxonomy":"post_tag","embeddable":true,"href":"https:\/\/filosofium.evelyne-weissenbach.at\/index.php?rest_route=%2Fwp%2Fv2%2Ftags&post=3538"}],"curies":[{"name":"wp","href":"https:\/\/api.w.org\/{rel}","templated":true}]}}