{"id":3699,"date":"2014-03-03T20:15:46","date_gmt":"2014-03-03T19:15:46","guid":{"rendered":"http:\/\/filosofium.evelyne-weissenbach.at\/?p=3699"},"modified":"2014-03-04T11:18:29","modified_gmt":"2014-03-04T10:18:29","slug":"farbgefuehl-ix-rosa","status":"publish","type":"post","link":"https:\/\/filosofium.evelyne-weissenbach.at\/?p=3699","title":{"rendered":"farbgef\u00fchl IX &#8211; rosa"},"content":{"rendered":"<p><a href=\"http:\/\/filosofium.evelyne-weissenbach.at\/wp-content\/uploads\/2014\/03\/140303_rosa.jpg\" data-rel=\"lightbox-gallery-g79ZKTvI\" data-rl_title=\"\" data-rl_caption=\"\" title=\"\"><img loading=\"lazy\" decoding=\"async\" class=\"alignright size-full wp-image-3698\" alt=\"rosa\" src=\"http:\/\/filosofium.evelyne-weissenbach.at\/wp-content\/uploads\/2014\/03\/140303_rosa.jpg\" width=\"475\" height=\"306\" srcset=\"https:\/\/filosofium.evelyne-weissenbach.at\/wp-content\/uploads\/2014\/03\/140303_rosa.jpg 475w, https:\/\/filosofium.evelyne-weissenbach.at\/wp-content\/uploads\/2014\/03\/140303_rosa-300x193.jpg 300w\" sizes=\"auto, (max-width: 475px) 100vw, 475px\" \/><\/a><br clear=\"all\"><\/p>\n<p><em>f\u00fcr alle gro\u00dfm\u00fctter von enkelinnen, aber vor allem f\u00fcr meine freundin t.<br \/>\nderen fotos ihres frischgeschl\u00fcpften familienzuwachses<br \/>\nmich am bildschirm kleben lassen mit dem permanentwunsch<br \/>\nan f\u00fc\u00dfchen und fingerchen zu nuckeln<\/em><\/p>\n<p>&nbsp;<\/p>\n","protected":false},"excerpt":{"rendered":"<p>f\u00fcr alle gro\u00dfm\u00fctter von enkelinnen, aber vor allem f\u00fcr meine freundin t. deren fotos ihres frischgeschl\u00fcpften familienzuwachses mich am bildschirm kleben lassen mit dem permanentwunsch an f\u00fc\u00dfchen und fingerchen zu nuckeln &nbsp;<\/p>\n","protected":false},"author":1,"featured_media":0,"comment_status":"open","ping_status":"closed","sticky":false,"template":"","format":"standard","meta":{"jetpack_post_was_ever_published":false,"_jetpack_newsletter_access":"","_jetpack_dont_email_post_to_subs":false,"_jetpack_newsletter_tier_id":0,"_jetpack_memberships_contains_paywalled_content":false,"_jetpack_memberships_contains_paid_content":false,"footnotes":"","jetpack_publicize_message":"","jetpack_publicize_feature_enabled":true,"jetpack_social_post_already_shared":true,"jetpack_social_options":{"image_generator_settings":{"template":"highway","default_image_id":0,"font":"","enabled":false},"version":2}},"categories":[22,571,9],"tags":[608,609,573,315,593,91,607,131,133,606,168,605,476,588],"class_list":["post-3699","post","type-post","status-publish","format-standard","hentry","category-prosalyrik-gedichte","category-experimentielles","category-gedichte-2","tag-enkelin","tag-enkeltochter","tag-experimentielle-lyrik","tag-farben","tag-farbenlehre","tag-gedichte","tag-grossmutter","tag-literatur","tag-lyrik","tag-oma","tag-prosalyrik","tag-rosa","tag-sprache","tag-umbruch-frei"],"jetpack_publicize_connections":[],"jetpack_featured_media_url":"","jetpack_shortlink":"https:\/\/wp.me\/p3ZwSb-XF","jetpack_sharing_enabled":true,"jetpack_likes_enabled":true,"_links":{"self":[{"href":"https:\/\/filosofium.evelyne-weissenbach.at\/index.php?rest_route=\/wp\/v2\/posts\/3699","targetHints":{"allow":["GET"]}}],"collection":[{"href":"https:\/\/filosofium.evelyne-weissenbach.at\/index.php?rest_route=\/wp\/v2\/posts"}],"about":[{"href":"https:\/\/filosofium.evelyne-weissenbach.at\/index.php?rest_route=\/wp\/v2\/types\/post"}],"author":[{"embeddable":true,"href":"https:\/\/filosofium.evelyne-weissenbach.at\/index.php?rest_route=\/wp\/v2\/users\/1"}],"replies":[{"embeddable":true,"href":"https:\/\/filosofium.evelyne-weissenbach.at\/index.php?rest_route=%2Fwp%2Fv2%2Fcomments&post=3699"}],"version-history":[{"count":8,"href":"https:\/\/filosofium.evelyne-weissenbach.at\/index.php?rest_route=\/wp\/v2\/posts\/3699\/revisions"}],"predecessor-version":[{"id":3707,"href":"https:\/\/filosofium.evelyne-weissenbach.at\/index.php?rest_route=\/wp\/v2\/posts\/3699\/revisions\/3707"}],"wp:attachment":[{"href":"https:\/\/filosofium.evelyne-weissenbach.at\/index.php?rest_route=%2Fwp%2Fv2%2Fmedia&parent=3699"}],"wp:term":[{"taxonomy":"category","embeddable":true,"href":"https:\/\/filosofium.evelyne-weissenbach.at\/index.php?rest_route=%2Fwp%2Fv2%2Fcategories&post=3699"},{"taxonomy":"post_tag","embeddable":true,"href":"https:\/\/filosofium.evelyne-weissenbach.at\/index.php?rest_route=%2Fwp%2Fv2%2Ftags&post=3699"}],"curies":[{"name":"wp","href":"https:\/\/api.w.org\/{rel}","templated":true}]}}