{"id":379,"date":"2011-08-15T12:04:50","date_gmt":"2011-08-15T10:04:50","guid":{"rendered":"http:\/\/filosofium.wordpress.com\/?p=379"},"modified":"2011-08-15T12:04:50","modified_gmt":"2011-08-15T10:04:50","slug":"in-der-umarmung-des-vergessens-iv","status":"publish","type":"post","link":"https:\/\/filosofium.evelyne-weissenbach.at\/?p=379","title":{"rendered":"In der Umarmung des Vergessens IV."},"content":{"rendered":"<p>&nbsp;<\/p>\n<p><font size=\"4\"><strong>Die Flucht hat ein Ende<\/strong><\/font><\/p>\n<p><font size=\"3\"><br \/>\nImmer war sie auf der Flucht. Vor den Pr\u00fcgeln ihres Stiefvaters. Vor dem Leben. Vor dem Muttersein.<br \/>\nIn die Krankheit.<br \/>\nImmer floh sie in ihre eigene Welt. Ohne Partner. Ohne Kinder.<br \/>\nMit Hilfe der \u00c4rzte.<br \/>\nWohlbefinden gestand sie sich nie zu. Die Krankheit sch\u00fctzte sie vor Verantwortung.<br \/>\nDie Abh\u00e4ngigkeit gab Struktur. Bot Halt.<\/p>\n<p>Jetzt ist sie gl\u00fccklich. Alles geschieht von selbst. Nichts wird von ihr verlangt.<br \/>\nAuf dem Balkon hat sie ein ruhiges Pl\u00e4tzchen. Erstmals in ihrem Leben hat sie keine Angst.<br \/>\nAuch ihre Suche hat ein Ende. Und ihre Flucht. Endlich ist sie angelangt.<\/font><\/p>\n<p>&nbsp;<\/p>\n","protected":false},"excerpt":{"rendered":"<p>&nbsp; Die Flucht hat ein Ende Immer war sie auf der Flucht. Vor den Pr\u00fcgeln ihres Stiefvaters. Vor dem Leben. Vor dem Muttersein. In die Krankheit. Immer floh sie in ihre eigene Welt. Ohne Partner. Ohne Kinder. Mit Hilfe der \u00c4rzte. Wohlbefinden gestand sie sich nie zu. Die Krankheit sch\u00fctzte sie vor Verantwortung. Die Abh\u00e4ngigkeit [&hellip;]<\/p>\n","protected":false},"author":2,"featured_media":0,"comment_status":"open","ping_status":"open","sticky":false,"template":"","format":"standard","meta":{"jetpack_post_was_ever_published":false,"_jetpack_newsletter_access":"","_jetpack_dont_email_post_to_subs":false,"_jetpack_newsletter_tier_id":0,"_jetpack_memberships_contains_paywalled_content":false,"_jetpack_memberships_contains_paid_content":false,"footnotes":"","jetpack_publicize_message":"","jetpack_publicize_feature_enabled":true,"jetpack_social_post_already_shared":false,"jetpack_social_options":{"image_generator_settings":{"template":"highway","default_image_id":0,"font":"","enabled":false},"version":2}},"categories":[4,14],"tags":[49,64,65,73,77,84,96,110,112,120,131,140,143,144,161,169,170,182,184,202],"class_list":["post-379","post","type-post","status-publish","format-standard","hentry","category-dementia-in-miniatures","category-in-der-umarmung-des-vergessens","tag-alzheimer","tag-bewusstmachung","tag-bewusstsein","tag-defizite","tag-demenz","tag-essay","tag-glosse","tag-kindheit","tag-kolumne","tag-lebenshilfe","tag-literatur","tag-minderwertigkeitsgefuhl","tag-mutterbindung","tag-mutterliebe","tag-philosophie","tag-psychologie","tag-psychologisches-training","tag-selbsthilfe","tag-selbstliebe","tag-vergesslichkeit"],"jetpack_publicize_connections":[],"jetpack_featured_media_url":"","jetpack_shortlink":"https:\/\/wp.me\/p3ZwSb-67","jetpack_sharing_enabled":true,"jetpack_likes_enabled":true,"_links":{"self":[{"href":"https:\/\/filosofium.evelyne-weissenbach.at\/index.php?rest_route=\/wp\/v2\/posts\/379","targetHints":{"allow":["GET"]}}],"collection":[{"href":"https:\/\/filosofium.evelyne-weissenbach.at\/index.php?rest_route=\/wp\/v2\/posts"}],"about":[{"href":"https:\/\/filosofium.evelyne-weissenbach.at\/index.php?rest_route=\/wp\/v2\/types\/post"}],"author":[{"embeddable":true,"href":"https:\/\/filosofium.evelyne-weissenbach.at\/index.php?rest_route=\/wp\/v2\/users\/2"}],"replies":[{"embeddable":true,"href":"https:\/\/filosofium.evelyne-weissenbach.at\/index.php?rest_route=%2Fwp%2Fv2%2Fcomments&post=379"}],"version-history":[{"count":0,"href":"https:\/\/filosofium.evelyne-weissenbach.at\/index.php?rest_route=\/wp\/v2\/posts\/379\/revisions"}],"wp:attachment":[{"href":"https:\/\/filosofium.evelyne-weissenbach.at\/index.php?rest_route=%2Fwp%2Fv2%2Fmedia&parent=379"}],"wp:term":[{"taxonomy":"category","embeddable":true,"href":"https:\/\/filosofium.evelyne-weissenbach.at\/index.php?rest_route=%2Fwp%2Fv2%2Fcategories&post=379"},{"taxonomy":"post_tag","embeddable":true,"href":"https:\/\/filosofium.evelyne-weissenbach.at\/index.php?rest_route=%2Fwp%2Fv2%2Ftags&post=379"}],"curies":[{"name":"wp","href":"https:\/\/api.w.org\/{rel}","templated":true}]}}