{"id":3847,"date":"2014-05-13T13:00:04","date_gmt":"2014-05-13T11:00:04","guid":{"rendered":"http:\/\/filosofium.evelyne-weissenbach.at\/?p=3847"},"modified":"2014-05-13T22:21:17","modified_gmt":"2014-05-13T20:21:17","slug":"was-mir-nicht-wurst-ist","status":"publish","type":"post","link":"https:\/\/filosofium.evelyne-weissenbach.at\/?p=3847","title":{"rendered":"was MIR nicht wurst ist"},"content":{"rendered":"<p>&nbsp;<br \/>\nNat\u00fcrlich wird jetzt viel gejubelt. Beinahe jeder f\u00fchlt sich berufen, nun seine Solidarit\u00e4t zu bekunden. Und ja, auch ich mache das.<br \/>\nSehr gerne!<\/p>\n<p>Und doch denke ich immer wieder, eigentlich gehen alle Kommentare am Wesentlichen vorbei.<br \/>\nF\u00fcr mich geht es hier nicht um einen Sieg f\u00fcr so schwammige Begriffe wie Toleranz, und auch nicht darum, diese Homosexuellen gegen\u00fcber schulterklopfend zu zelebrieren. <\/p>\n<p><strong>F\u00fcr mich geht es schlichtweg um einen Sieg \u00fcber den Hass!<\/strong><\/p>\n<p>Was hier im Vorfeld abgelaufen ist, diese Hetze, diese H\u00e4me, bis zu Mord- und (nat\u00fcrlich auch) Vergasungsaufrufen und was wei\u00df ich \u2026 ist unbeschreiblich. Es wurde ja nur das B\u00f6se in die Welt geschwappt. Denn wie oft \u00fcblich, die Masse blieb schweigend. Und abwartend! Das darf man jetzt nicht vergessen.<\/p>\n<p>Ich m\u00f6chte gar nicht an die M\u00f6glichkeit denken, dass Conchita Wurst total abgesackt w\u00e4re.<br \/>\nDann w\u00e4re sie n\u00e4mlich Freiwild geworden. Und diese Masse an Kellerasseln, die aus ihren L\u00f6chern gekrochen w\u00e4ren, um sie zu jagen und weiter zu beschimpfen und zu bedrohen, da kriege ich im nachhinein noch Atemnot vor Angst.<\/p>\n<p>Doch \u2026 350 Millionen Menschen waren dabei, als dem Hass eine klare Absage erteilt wurde! Und sei es auch aus Protest- oder Mitl\u00e4ufergr\u00fcnden \u2026<\/p>\n<p>Dieser zierliche Mann, denn f\u00fcr mich ist und bleibt Conchita ein Mann, und zwar aus dem einzig wahren folgenden Grund &#8211; zeigte mehr Eier als die blitzblau\u00e4ugigen Machos unserer Gesellschaft und waffenschwingenden Kraftprotze dieser Welt alle miteinander.<br \/>\nDenn Tom ist kein Dummer, das hat er in den wenigen Stunden nach seinem Sieg am allerdeutlichsten gezeigt. Er wei\u00df genau, was er tut, er wei\u00df, warum er es tut und er hat den Mut daf\u00fcr, sich und das, was er vertritt unter Bedingungen zu vertreten, die fast keine Grauzonen bieten, die meistens entweder Liebe oder Hass hervorrufen. <\/p>\n<p>Und die Mitl\u00e4ufer sind \u00fcberall. Und in diesem Fall laufen sie nun mit dem &#8222;Guten&#8220;.<br \/>\nAber sie w\u00e4ren wohl auch mit dem &#8222;B\u00f6sen&#8220; gelaufen.<br \/>\nWir kennen das aus der Geschichte nur allzu gut.<\/p>\n<p>Die Bewunderer w\u00e4ren weiter schweigende Minderheit geblieben. Und ich muss gestehen, auch mir w\u00e4re ein Song-Contest und dessen Gewinner nicht einen Buchstaben Wert gewesen. Abgesehen davon, dass mich der ganze Song-Contest absolut nicht interessiert, und auch seine Teilnehmer nicht. Ich mich aber an sich nie zu Fernsehprogrammen \u00e4u\u00dfern w\u00fcrde, weil es einfach einen AUS-Knopf am Ger\u00e4t gibt.<br \/>\nAber dort, wo sich Anh\u00e4nger deklariert h\u00e4tten, w\u00e4ren sie sofort ebenfalls zu Verfolgten geworden. Wie es die Anders&#8220;artigen&#8220; eben nun einmal sind.<br \/>\nDenn es geht hier nicht nur um Homosexuelle! <\/p>\n<p><strong>Es geht um Menschen, &#8222;die an Frieden und Freiheit glauben&#8220;, um Menschen, die Anderen zugestehen, zu leben, wie sie es f\u00fcr sich richtig halten, und niemanden anderen dabei verletzen! <\/strong><\/p>\n<p>&#8220; Wir sind unaufhaltbar&#8220; sagte Conchita. Und das stimmt, wir W\u00c4REN unaufhaltbar, wenn wir nur alle so starke M\u00e4nner w\u00e4ren, wie die Frauen unserer Welt \u2026<\/p>\n<p>Nicht von ungef\u00e4hr hat er sich wohl f\u00fcr seine Botschaft als Frau verkleidet.<br \/>\nDenn Tom Neuwirth will keine Frau sein. Er ist ein Mann, der gerne Kleider und High-Heels tr\u00e4gt, sich gerne schminkt und f\u00fcr Mode interessiert. Und der mit seiner Kunst leben will. Wie alle anderen K\u00fcnstler.<br \/>\nEr selber sieht sich nicht als Ikone, als Berufener, die Welt zu retten. Er sieht sich als Mensch, der sich die Freiheit nimmt, so zu leben, wie er sich sp\u00fcrt. Und ich hoffe, er wird weiterhin genug Kraft haben, sich dem Druck derer, die ihn nun f\u00fcr ihre Zwecke einspannen wollen, widersetzen zu k\u00f6nnen.<\/p>\n<p>Aber was ich bisher von ihm geh\u00f6rt habe, bin ich da sehr zuversichtlich. <\/p>\n<p><em>Geh\u00f6rt<\/em> \u2026 da dachte ich gerade \u2026 ja, das ist wohl der springende Punkt. Denn ich schaue ja aus bekannten Gr\u00fcnden derzeit eher mit geschlossenen Augen. Also H\u00d6RE ich \u2026 und offensichtlich sieht man dann auch klarer \u2026 weil man sich nicht von einem Bart in einem h\u00fcbschen Frauengesicht ablenken l\u00e4sst.<\/p>\n<p>Und noch einen Aspekt finde ich absolut erw\u00e4hnenswert:<br \/>\nWIR wird diesmal nicht im Sinne von national(istisch)er Zusammengeh\u00f6rigkeit verwendet, sondern f\u00fcr v\u00f6lker\u00fcbergreifende Einstellung zu Frieden und Freiheit. Das gef\u00e4llt mir besonders gut daran.<\/p>\n<p>Conchita, du bist eine wunderbare Frau und Tom, du bist ein ganzer Kerl. Ich gratuliere dir dazu, dass du beides in dir vereinen kannst! <\/p>\n<p>\u00a9 evelyne w.<\/p>\n<p>&nbsp;<\/p>\n<p><img loading=\"lazy\" decoding=\"async\" src=\"http:\/\/filosofium.evelyne-weissenbach.at\/wp-content\/uploads\/2014\/05\/2w1758.jpg\" alt=\"2w1758\" width=\"200\" height=\"220\" class=\"alignleft size-full wp-image-3848\" \/><em><br \/>\nbitte liebe freunde, nehmt es mir nicht \u00fcbel, wenn ich im gegebenen fall nur minimal und h\u00f6chstens einmal t\u00e4glich kommentare beantworte. aber ich bin immer noch im minimal-computerprogramm.<br \/>\nwie sich in der zwischenzeit herumgesprochen hat, hatte ich eine augen-op.<br \/>\nich hab erfahren m\u00fcssen, dass wenn man eine halb&#8220;\u00f6ffentliche&#8220; person ist, man so etwas leider nicht mehr privat halten kann.<br \/>\n&#8222;freunde&#8220; tragen so etwas dann gerne in welt &#8230;<br \/>\nkein beinbruch, aber ich bitte um verst\u00e4ndnis, dass ich mir derzeit nur kurze computer-lese- und schreibzeit erlaube.<br \/>\naber dieser beitrag war mir, der frau liebesforscherin, und hinterfragerin von &#8222;masse und macht&#8220; wichtig &#8230;<\/em><\/p>\n<p>&nbsp;<\/p>\n","protected":false},"excerpt":{"rendered":"<p>&nbsp; Nat\u00fcrlich wird jetzt viel gejubelt. Beinahe jeder f\u00fchlt sich berufen, nun seine Solidarit\u00e4t zu bekunden. Und ja, auch ich mache das. Sehr gerne! Und doch denke ich immer wieder, eigentlich gehen alle Kommentare am Wesentlichen vorbei. F\u00fcr mich geht es hier nicht um einen Sieg f\u00fcr so schwammige Begriffe wie Toleranz, und auch nicht [&hellip;]<\/p>\n","protected":false},"author":1,"featured_media":0,"comment_status":"open","ping_status":"closed","sticky":false,"template":"","format":"standard","meta":{"jetpack_post_was_ever_published":false,"_jetpack_newsletter_access":"","_jetpack_dont_email_post_to_subs":false,"_jetpack_newsletter_tier_id":0,"_jetpack_memberships_contains_paywalled_content":false,"_jetpack_memberships_contains_paid_content":false,"footnotes":"","jetpack_publicize_message":"","jetpack_publicize_feature_enabled":true,"jetpack_social_post_already_shared":true,"jetpack_social_options":{"image_generator_settings":{"template":"highway","default_image_id":0,"font":"","enabled":false},"version":2}},"categories":[7,231,233],"tags":[651,644,646,647,648,324,649,650,645],"class_list":["post-3847","post","type-post","status-publish","format-standard","hentry","category-die-wichtigkeit-des-seins","category-humanitares","category-kolumne-2","tag-ausgrenzung","tag-conchita-wurst","tag-esc-2014","tag-eurovisions-songcontest","tag-freiheit","tag-frieden","tag-homophobie","tag-homosexualitaet","tag-tom-neuwirth"],"jetpack_publicize_connections":[],"jetpack_featured_media_url":"","jetpack_shortlink":"https:\/\/wp.me\/p3ZwSb-103","jetpack_sharing_enabled":true,"jetpack_likes_enabled":true,"_links":{"self":[{"href":"https:\/\/filosofium.evelyne-weissenbach.at\/index.php?rest_route=\/wp\/v2\/posts\/3847","targetHints":{"allow":["GET"]}}],"collection":[{"href":"https:\/\/filosofium.evelyne-weissenbach.at\/index.php?rest_route=\/wp\/v2\/posts"}],"about":[{"href":"https:\/\/filosofium.evelyne-weissenbach.at\/index.php?rest_route=\/wp\/v2\/types\/post"}],"author":[{"embeddable":true,"href":"https:\/\/filosofium.evelyne-weissenbach.at\/index.php?rest_route=\/wp\/v2\/users\/1"}],"replies":[{"embeddable":true,"href":"https:\/\/filosofium.evelyne-weissenbach.at\/index.php?rest_route=%2Fwp%2Fv2%2Fcomments&post=3847"}],"version-history":[{"count":20,"href":"https:\/\/filosofium.evelyne-weissenbach.at\/index.php?rest_route=\/wp\/v2\/posts\/3847\/revisions"}],"predecessor-version":[{"id":3868,"href":"https:\/\/filosofium.evelyne-weissenbach.at\/index.php?rest_route=\/wp\/v2\/posts\/3847\/revisions\/3868"}],"wp:attachment":[{"href":"https:\/\/filosofium.evelyne-weissenbach.at\/index.php?rest_route=%2Fwp%2Fv2%2Fmedia&parent=3847"}],"wp:term":[{"taxonomy":"category","embeddable":true,"href":"https:\/\/filosofium.evelyne-weissenbach.at\/index.php?rest_route=%2Fwp%2Fv2%2Fcategories&post=3847"},{"taxonomy":"post_tag","embeddable":true,"href":"https:\/\/filosofium.evelyne-weissenbach.at\/index.php?rest_route=%2Fwp%2Fv2%2Ftags&post=3847"}],"curies":[{"name":"wp","href":"https:\/\/api.w.org\/{rel}","templated":true}]}}