{"id":385,"date":"2011-08-16T14:48:56","date_gmt":"2011-08-16T12:48:56","guid":{"rendered":"http:\/\/filosofium.wordpress.com\/?p=385"},"modified":"2011-08-16T14:48:56","modified_gmt":"2011-08-16T12:48:56","slug":"in-der-umarmung-des-vergessens-v","status":"publish","type":"post","link":"https:\/\/filosofium.evelyne-weissenbach.at\/?p=385","title":{"rendered":"In der Umarmung des Vergessens V."},"content":{"rendered":"<p>&nbsp;<\/p>\n<p><font size=\"4\"><strong>Vom Verstehen<\/strong><\/font><\/p>\n<p><font size=\"3\">Am Anfang stand die Ungeduld.<br \/>\nAlle waren ungeduldig mit ihr. Auch ich.<br \/>\nDa weinte sie. Viel. Und auch ich.<\/p>\n<p>Dann kam der Tag. Ich verstand das Verstehen.<br \/>\nWenn sie mich nicht versteht, dann verstehe auch ich sie nicht.<br \/>\nK\u00f6nnte ich sie verstehen, w\u00fcrde ich nichts von ihr fordern.<br \/>\nDer Augenblick w\u00e4re Geschenk. F\u00fcr sie. Und auch f\u00fcr mich.<\/p>\n<p>Warum verlangte ich es dann von ihr?<br \/>\nVerstehe ICH denn nicht?<\/p>\n<p>Doch! Seither schon &#8230;<br \/>\n<\/font><\/p>\n<p>&nbsp;<\/p>\n","protected":false},"excerpt":{"rendered":"<p>&nbsp; Vom Verstehen Am Anfang stand die Ungeduld. Alle waren ungeduldig mit ihr. Auch ich. Da weinte sie. Viel. Und auch ich. Dann kam der Tag. Ich verstand das Verstehen. Wenn sie mich nicht versteht, dann verstehe auch ich sie nicht. K\u00f6nnte ich sie verstehen, w\u00fcrde ich nichts von ihr fordern. Der Augenblick w\u00e4re Geschenk. [&hellip;]<\/p>\n","protected":false},"author":2,"featured_media":0,"comment_status":"open","ping_status":"open","sticky":false,"template":"","format":"standard","meta":{"jetpack_post_was_ever_published":false,"_jetpack_newsletter_access":"","_jetpack_dont_email_post_to_subs":false,"_jetpack_newsletter_tier_id":0,"_jetpack_memberships_contains_paywalled_content":false,"_jetpack_memberships_contains_paid_content":false,"footnotes":"","jetpack_publicize_message":"","jetpack_publicize_feature_enabled":true,"jetpack_social_post_already_shared":false,"jetpack_social_options":{"image_generator_settings":{"template":"highway","default_image_id":0,"font":"","enabled":false},"version":2}},"categories":[4,14],"tags":[49,65,73,77,84,96,110,112,120,131,140,143,144,161,169,170,182,184,202],"class_list":["post-385","post","type-post","status-publish","format-standard","hentry","category-dementia-in-miniatures","category-in-der-umarmung-des-vergessens","tag-alzheimer","tag-bewusstsein","tag-defizite","tag-demenz","tag-essay","tag-glosse","tag-kindheit","tag-kolumne","tag-lebenshilfe","tag-literatur","tag-minderwertigkeitsgefuhl","tag-mutterbindung","tag-mutterliebe","tag-philosophie","tag-psychologie","tag-psychologisches-training","tag-selbsthilfe","tag-selbstliebe","tag-vergesslichkeit"],"jetpack_publicize_connections":[],"jetpack_featured_media_url":"","jetpack_shortlink":"https:\/\/wp.me\/p3ZwSb-6d","jetpack_sharing_enabled":true,"jetpack_likes_enabled":true,"_links":{"self":[{"href":"https:\/\/filosofium.evelyne-weissenbach.at\/index.php?rest_route=\/wp\/v2\/posts\/385","targetHints":{"allow":["GET"]}}],"collection":[{"href":"https:\/\/filosofium.evelyne-weissenbach.at\/index.php?rest_route=\/wp\/v2\/posts"}],"about":[{"href":"https:\/\/filosofium.evelyne-weissenbach.at\/index.php?rest_route=\/wp\/v2\/types\/post"}],"author":[{"embeddable":true,"href":"https:\/\/filosofium.evelyne-weissenbach.at\/index.php?rest_route=\/wp\/v2\/users\/2"}],"replies":[{"embeddable":true,"href":"https:\/\/filosofium.evelyne-weissenbach.at\/index.php?rest_route=%2Fwp%2Fv2%2Fcomments&post=385"}],"version-history":[{"count":0,"href":"https:\/\/filosofium.evelyne-weissenbach.at\/index.php?rest_route=\/wp\/v2\/posts\/385\/revisions"}],"wp:attachment":[{"href":"https:\/\/filosofium.evelyne-weissenbach.at\/index.php?rest_route=%2Fwp%2Fv2%2Fmedia&parent=385"}],"wp:term":[{"taxonomy":"category","embeddable":true,"href":"https:\/\/filosofium.evelyne-weissenbach.at\/index.php?rest_route=%2Fwp%2Fv2%2Fcategories&post=385"},{"taxonomy":"post_tag","embeddable":true,"href":"https:\/\/filosofium.evelyne-weissenbach.at\/index.php?rest_route=%2Fwp%2Fv2%2Ftags&post=385"}],"curies":[{"name":"wp","href":"https:\/\/api.w.org\/{rel}","templated":true}]}}